{"id":6662,"date":"2016-04-08T19:32:42","date_gmt":"2016-04-08T22:32:42","guid":{"rendered":"http:\/\/www.atecordoba.org\/?p=6662"},"modified":"2016-04-08T19:32:42","modified_gmt":"2016-04-08T22:32:42","slug":"plenario-de-trabajadores-nacionales-nos-esperan-tiempos-de-lucha-y-organizacion","status":"publish","type":"post","link":"https:\/\/atecordoba.org\/?p=6662","title":{"rendered":"Plenario de trabajadores nacionales: &#8220;nos esperan tiempos de lucha y organizaci\u00f3n&#8221;"},"content":{"rendered":"<p><em>De cara a la organizaci\u00f3n del paro nacional del 19 de abril se realiz\u00f3 en ATE C\u00f3rdoba un plenario de delegados nacionales con la presencia de la secretario de Organizaci\u00f3n Nacional, Silvia Leon. La dirigente resumi\u00f3 en una entrevista el tiempo que vivimos los estatales y las estrategias de organizaci\u00f3n gremial.\u00a0<\/em><\/p>\n<figure id=\"attachment_6663\" aria-describedby=\"caption-attachment-6663\" style=\"width: 309px\" class=\"wp-caption aligncenter\"><img loading=\"lazy\" decoding=\"async\" class=\"wp-image-6663 size-full\" src=\"http:\/\/www.atecordoba.org\/wp-content\/uploads\/2016\/04\/22af3e04-df67-4406-8ed4-09c79a7e0f33-e1460154295973.jpg\" alt=\"22af3e04-df67-4406-8ed4-09c79a7e0f33\" width=\"309\" height=\"550\" \/><figcaption id=\"caption-attachment-6663\" class=\"wp-caption-text\">Silvia Le\u00f3n, entre la secretaria General del CDP Mar\u00eda Liliana Salerno y el prosecretario Gremial Francisco Pavan.<\/figcaption><\/figure>\n<p>El\u00a0plenario de trabajadores nacionales estuvo encabezado por nuestra secretaria General , Mar\u00eda Liliana Salerno, y la secretaria de Organizaci\u00f3n del Consejo Directivo Nacional Silvia Le\u00f3n, que, finalizado el encuentro, evalu\u00f3 como &#8220;un plenario muy nutrido con compa\u00f1eros y compa\u00f1eras de distintos organismos del Estado nacional, que tenemos \u00a0la responsabilidad de tratar de organizar en este momento tan cr\u00edtico, con 10900 despedidos en el Estado nacional que se acumulan desde el 10 de diciembre hasta la baja de contratos del 31 de marzo&#8221;\u00b7<\/p>\n<p><strong>\u00bfC\u00f3mo eval\u00faan desde la conducci\u00f3n nacional\u00a0la coyuntura?<\/strong><\/p>\n<p>Es un momento muy complicado por los compa\u00f1eros que tienen las familias sobre sus espaldas y se quedan sin trabajo pero tambi\u00e9n es de mucho crecimiento para ATE porque nos hemos plantado frente al gobierno con una posici\u00f3n muy clara desde el comienzo. Por eso somos una referencia no s\u00f3lo de lucha contra los despidos sino tambi\u00e9n de una posici\u00f3n firme contra los ajustes tremendos que el gobierno est\u00e1 imponiendo al pueblo trabajador.<\/p>\n<p><img loading=\"lazy\" decoding=\"async\" class=\"aligncenter wp-image-6664 size-full\" src=\"http:\/\/www.atecordoba.org\/wp-content\/uploads\/2016\/04\/f3628807-cf0e-4528-bfb0-12d91b3c3c8f-e1460154459881.jpg\" alt=\"f3628807-cf0e-4528-bfb0-12d91b3c3c8f\" width=\"550\" height=\"309\" \/><\/p>\n<p>El plenario tuvo un nivel de debate pol\u00edtico muy bueno, recorrimos nuestra historia, de d\u00f3nde venimos, la necesidad de organizarnos en el Estado nacional, con el respaldo important\u00edsimo del plenario nacional de 700 delegados de todo el pa\u00eds, el pasado 30 de marzo, donde discutimos las estrategias de organizaci\u00f3n, crecimiento y democratizaci\u00f3n, que nos dio mandato al Consejo Directivo Nacional para convocar una medida de fuerza el abril.<\/p>\n<p>El 6 de abril la mesa nacional defini\u00f3 un paro nacional para el 19 de abril, que ser\u00e1 reforzado por una jornada de lucha de la CTA aut\u00f3noma para la misma fecha. Para llegar con m\u00e1s fuerza vamos a convocar a distintos sectores, con dirigentes con gremios privados, con organizaciones territoriales que se movilizan el mismo d\u00eda.<\/p>\n<p>Todo esto frente a un gobierno que viene como una locomotora consolidando la transferencia de recursos a los grupos econ\u00f3micos. S\u00f3lo con las retenciones que el gobierno le devolvi\u00f3 a las mineras se podr\u00edan pagar los sueldos de 20 mil trabajadores estatales a promedio de 15 mil pesos por un a\u00f1o. As\u00ed que los despidos en el Estado no son un problema de reducci\u00f3n de gasto sino de transferencia de recursos en una clara direccionalidad de la pol\u00edtica de este gobierno para priorizar la ganancia de esos grupos econ\u00f3micos, en detrimento de las pol\u00edticas p\u00fablicas para el pueblo.<\/p>\n<p><img loading=\"lazy\" decoding=\"async\" class=\"aligncenter size-full wp-image-6665\" src=\"http:\/\/www.atecordoba.org\/wp-content\/uploads\/2016\/04\/cae46cde-6814-4bda-80c2-ebd882f9e3e9-e1460154492762.jpg\" alt=\"cae46cde-6814-4bda-80c2-ebd882f9e3e9\" width=\"550\" height=\"310\" \/><\/p>\n<p>En el plenario abordamos tambi\u00e9n las distintas estrategias para llegar a los sectores que hoy no est\u00e1n tan movilizados. No todos estamos con el mismo nivel de movilizaci\u00f3n, no todos tienen despidos, que tienen distintos niveles salariales dentro del Estado. La tarea es reconstruir la unidad de la clase trabajadora y del campo popular.<\/p>\n<p><strong>\u00bfEsta desmovilizaci\u00f3n de algunos sectores, de cierta falta de solidaridad de clase, forma parte de la coyuntura o de un proceso m\u00e1s largo?<\/strong><\/p>\n<p>Creo que es un proceso. Charlamos en el plenario que deber\u00eda estar en debate, pero aun no se inicia, es por qu\u00e9 despu\u00e9s de 12 a\u00f1os de un gobierno que para una gran parte de la poblaci\u00f3n fue avanz\u00f3 en pol\u00edticas populares, la mayor\u00eda termina d\u00e1ndole el voto como presidente de nuestro pa\u00eds por primera vez a un representante de los grupos econ\u00f3micos. Qu\u00e9 est\u00e1 pasando con las democracias latinoamericanas y con las democracias en general.<\/p>\n<p><img loading=\"lazy\" decoding=\"async\" class=\"aligncenter size-full wp-image-6666\" src=\"http:\/\/www.atecordoba.org\/wp-content\/uploads\/2016\/04\/b34b1d16-e478-4dfa-99ce-35bc127837de-e1460154520680.jpg\" alt=\"b34b1d16-e478-4dfa-99ce-35bc127837de\" width=\"550\" height=\"310\" \/><\/p>\n<p>Adem\u00e1s de la corrupci\u00f3n institucionalizada que es moneda corriente, la naturalizaci\u00f3n de \u2018robaron pero hicieron\u2019, tratando de convencernos que la corrupci\u00f3n es parte natural del poder, esa corrupci\u00f3n que va desde los organismos del Estado hasta las pol\u00edticas de gobierno, sea en peque\u00f1a, mediana o gran escala.<\/p>\n<p>Los trabajadores podemos y debemos hacer un debate autocr\u00edtico hist\u00f3rico sobre c\u00f3mo construimos y consolidamos las democracias populares seriamente, con transparencia. Son debates que tenemos que animarnos a dar.<\/p>\n<p>En los \u00faltimos a\u00f1os se profundiz\u00f3 la polarizaci\u00f3n sobre estar a favor o en contra, en las organizaciones del campo popular, desde los clubes de barrios y las sociedades de fomento hasta los sindicatos y los partidos pol\u00edticos, cuando ese es un falso debate.<\/p>\n<p><strong>\u00bfLa coyuntura de enfrentar el ajuste puede superar esa polarizaci\u00f3n de las organizaciones populares? <\/strong><\/p>\n<p>Eso sin duda. Lo que tambi\u00e9n est\u00e1 es c\u00f3mo enfrentamos, m\u00e1s all\u00e1 de las diferencias, el plan de ajuste que hoy est\u00e1 siendo llevado a cabo por los distintos gobiernos de diferentes partidos pol\u00edticos. La crisis y la resistencia popular en Tierra del Fuego se producen con una gobernadora del Frente para la victoria, lo mismo que en Santa Cruz, aqu\u00ed con un gobierno del PJ, y el presidente que es del PRO. Entonces est\u00e1 claro que el ajuste lo aplican todos los gobiernos de todos los partidos pol\u00edticos. Por eso debemos debatir como reconstruimos la solidaridad de clase, del campo popular, m\u00e1s all\u00e1 de las diferencias que nos atravesaron y que nos siguen atravesando hoy.<\/p>\n<p>En esto ATE se par\u00f3 correctamente, generosamente, en la defensa de todos los trabajadores, m\u00e1s all\u00e1 de las posiciones partidarias de cada uno, y as\u00ed seguir\u00e1 siendo.<\/p>\n<p><img loading=\"lazy\" decoding=\"async\" class=\"aligncenter size-full wp-image-6667\" src=\"http:\/\/www.atecordoba.org\/wp-content\/uploads\/2016\/04\/1.png\" alt=\"1\" width=\"550\" height=\"308\" \/><\/p>\n<p>Por otro lado, el gobierno tiene que entender que nosotros no vamos a cerrar ninguna etapa con trabajadores despedidos. Ayer tuvimos una reuni\u00f3n con Triaca (ministro de Trabajo) y con Ibarra (Andr\u00e9s, ministro de Modernizaci\u00f3n) donde ellos plantearon abrir dos mesas de di\u00e1logo para profundizar el pase a planta, rever el Sinep\u2026 Est\u00e1 todo bien, vamos a participar de todas las mesas pero no vamos a aceptar que queden trabajadores en la calle.<\/p>\n<p>Nos esperan tiempos de lucha y organizaci\u00f3n en cada lugar de trabajo, estamos muy orgullosos de la resistencia y organizaci\u00f3n de cada uno de nuestros delegados en esta pelea contra los despidos y con esa base de resistencia vamos a construir la fuerza que necesitamos para afrontar los tiempos que vienen.<\/p>\n<p>No solo est\u00e1 la agenda de trabajadores en condiciones dignas, estables y con buenos salarios sino tambi\u00e9n para mayo nos proponemos entrar en debate con la comunidad sobre el modelo de estado que necesitamos. Nuestra raz\u00f3n de ser son los derechos de la comunidad, por eso est\u00e1n directamente relacionados nuestra situaci\u00f3n laboral con los derechos de la comunidad. De all\u00ed viene la consigna que elaboraron los compa\u00f1eros del Ministerio de Trabajo: nuestro trabajo son tus derechos.<\/p>\n","protected":false},"excerpt":{"rendered":"<p>De cara a la organizaci\u00f3n del paro nacional del 19 de abril se realiz\u00f3 en ATE C\u00f3rdoba un plenario de delegados nacionales con la presencia de la secretario de Organizaci\u00f3n Nacional, Silvia Leon. La dirigente resumi\u00f3 en una entrevista el tiempo que vivimos los estatales y las estrategias de organizaci\u00f3n gremial.\u00a0 El\u00a0plenario de trabajadores nacionales [&hellip;]<\/p>\n","protected":false},"author":1,"featured_media":19220,"comment_status":"open","ping_status":"open","sticky":false,"template":"","format":"standard","meta":{"_exactmetrics_skip_tracking":false,"_exactmetrics_sitenote_active":false,"_exactmetrics_sitenote_note":"","_exactmetrics_sitenote_category":0,"jnews-multi-image_gallery":[],"jnews_single_post":[],"jnews_primary_category":[],"jnews_social_meta":[],"jnews_review":[],"enable_review":"","type":"","name":"","summary":"","brand":"","sku":"","good":[],"bad":[],"score_override":"","override_value":"","rating":[],"price":[],"jnews_override_counter":[],"jnews_post_split":[],"footnotes":""},"categories":[10,18],"tags":[],"class_list":["post-6662","post","type-post","status-publish","format-standard","has-post-thumbnail","hentry","category-accion-politica","category-nacionales"],"jetpack_featured_media_url":"https:\/\/atecordoba.org\/wp-content\/uploads\/2020\/05\/logo-nuevochico-e1561581322808.png","_links":{"self":[{"href":"https:\/\/atecordoba.org\/index.php?rest_route=\/wp\/v2\/posts\/6662","targetHints":{"allow":["GET"]}}],"collection":[{"href":"https:\/\/atecordoba.org\/index.php?rest_route=\/wp\/v2\/posts"}],"about":[{"href":"https:\/\/atecordoba.org\/index.php?rest_route=\/wp\/v2\/types\/post"}],"author":[{"embeddable":true,"href":"https:\/\/atecordoba.org\/index.php?rest_route=\/wp\/v2\/users\/1"}],"replies":[{"embeddable":true,"href":"https:\/\/atecordoba.org\/index.php?rest_route=%2Fwp%2Fv2%2Fcomments&post=6662"}],"version-history":[{"count":0,"href":"https:\/\/atecordoba.org\/index.php?rest_route=\/wp\/v2\/posts\/6662\/revisions"}],"wp:featuredmedia":[{"embeddable":true,"href":"https:\/\/atecordoba.org\/index.php?rest_route=\/wp\/v2\/media\/19220"}],"wp:attachment":[{"href":"https:\/\/atecordoba.org\/index.php?rest_route=%2Fwp%2Fv2%2Fmedia&parent=6662"}],"wp:term":[{"taxonomy":"category","embeddable":true,"href":"https:\/\/atecordoba.org\/index.php?rest_route=%2Fwp%2Fv2%2Fcategories&post=6662"},{"taxonomy":"post_tag","embeddable":true,"href":"https:\/\/atecordoba.org\/index.php?rest_route=%2Fwp%2Fv2%2Ftags&post=6662"}],"curies":[{"name":"wp","href":"https:\/\/api.w.org\/{rel}","templated":true}]}}