{"id":6652,"date":"2016-04-07T18:14:16","date_gmt":"2016-04-07T21:14:16","guid":{"rendered":"http:\/\/www.atecordoba.org\/?p=6652"},"modified":"2016-04-07T18:14:16","modified_gmt":"2016-04-07T21:14:16","slug":"6652","status":"publish","type":"post","link":"https:\/\/atecordoba.org\/?p=6652","title":{"rendered":"Se cumpli\u00f3 ayer el paro nacional en el Ministerio de Trabajo"},"content":{"rendered":"<p><em>En el marco del paro nacional de los trabajadores del ministerio de Trabajo de la Naci\u00f3n convocado por ATE, los trabajadores de la delegaci\u00f3n regional C\u00f3rdoba paralizaron ayer sus actividades y realizaron un corte de calle frente al organismo.<\/em><\/p>\n<p><img loading=\"lazy\" decoding=\"async\" class=\"aligncenter size-full wp-image-6653\" src=\"http:\/\/www.atecordoba.org\/wp-content\/uploads\/2016\/04\/IMG-20160406-WA0024-e1460063219613.jpg\" alt=\"IMG-20160406-WA0024\" width=\"550\" height=\"330\" \/><\/p>\n<p>En la oportunidad estuvieron los dirigentes de la conducci\u00f3n provincial Luis Barcena, secretario Adjunto, Diego Guerra, secretario Gremial, Francisco Pavan, Progremial, Walter Secondino, secretario Administrativo y Mar\u00eda Palomeque, secretaria de Finanzas.<\/p>\n<p>Se reclam\u00f3 la reincorporaci\u00f3n de los 280 compa\u00f1eros despedidos desde enero a esta parte, sin que el ministerio fundamentara las cesant\u00edas, aprovechando el estado de precarizaci\u00f3n que ven\u00edan sufriendo los trabajadores, con contratos a plazo, algunos con hasta 23 a\u00f1os de antig\u00fcedad.<\/p>\n<p><img loading=\"lazy\" decoding=\"async\" class=\"aligncenter size-full wp-image-6654\" src=\"http:\/\/www.atecordoba.org\/wp-content\/uploads\/2016\/04\/IMG-20160406-WA0023-e1460063430412.jpg\" alt=\"IMG-20160406-WA0023\" width=\"550\" height=\"330\" \/><\/p>\n<p>Alrededor de 150 compa\u00f1eros se movilizaron en la oportunidad, entre trabajadores del Ministerio y activistas de ATE de diversos sectores que se acercaron a expresar su solidaridad. Se destac\u00f3 la presencia de compa\u00f1eros de la Secretaria de Agricultura Familiar, Pensiones, Desarrollo Social, Superintendencia de Seguros de Salud, Ministerio de Agricultura, Trabajadores Civiles de las FF.AA., provinciales de salud, Anses, entre otros.<\/p>\n<p>Tambi\u00e9n se solidarizaron compa\u00f1eros del gremio judicial, as\u00ed como distintos dirigentes pol\u00edticos como Franco Saillen de la juventud Sindical Peronista, Mart\u00edn Fresneda y Carmen Nebreda.<\/p>\n<p>Durante el acto realizado, el delegado del organismo, Iv\u00e1n Hossly, afirm\u00f3 que \u201cestamos parando para que las autoridades nos den una respuesta positiva al reclamo por las reincorporaciones de los despedidos\u201d.<\/p>\n<p><img loading=\"lazy\" decoding=\"async\" class=\"aligncenter size-full wp-image-6655\" src=\"http:\/\/www.atecordoba.org\/wp-content\/uploads\/2016\/04\/IMG-20160406-WA0036-e1460063485659.jpg\" alt=\"IMG-20160406-WA0036\" width=\"550\" height=\"413\" \/><\/p>\n<p>A su vez, el delegado denunci\u00f3 el \u201cvaciamiento y desmantelamiento de la estructura y de las pol\u00edticas p\u00fablicas en el Ministerio. Desde ATE estamos firmes en la construcci\u00f3n de un Estado al servicio del pueblo, que necesariamente debe realizarse con los trabajadores adentro, cobrando salarios dignos y con la estabilidad laboral que establece la Constituci\u00f3n para los estatales. A este ajuste brutal que padecemos los estatales le tenemos que oponer la unidad de todo el movimiento obrero organizado\u201d.<\/p>\n<p><img loading=\"lazy\" decoding=\"async\" class=\"aligncenter size-full wp-image-6656\" src=\"http:\/\/www.atecordoba.org\/wp-content\/uploads\/2016\/04\/IMG-20160406-WA0042-e1460063549400.jpg\" alt=\"IMG-20160406-WA0042\" width=\"550\" height=\"309\" \/><\/p>\n<p>Hossly cerr\u00f3 su discurso parafraseando al compa\u00f1ero Germ\u00e1n Abdala, hist\u00f3rico dirigente de ATE y fundador de la CTA, al asegurar que la lucha de los trabajadores tiene por objetivo \u201cfortalecer el Estado para liberar la Naci\u00f3n\u201d.<\/p>\n<p>El organismo continuar\u00e1 con el plan de lucha, que se viene desarrollando hace 10 d\u00edas, con retenci\u00f3n de tareas y en estado de asamblea permanente y movilizaci\u00f3n.<\/p>\n<p><img loading=\"lazy\" decoding=\"async\" class=\"aligncenter size-full wp-image-6657\" src=\"http:\/\/www.atecordoba.org\/wp-content\/uploads\/2016\/04\/IMG-20160406-WA0057-e1460063599286.jpg\" alt=\"IMG-20160406-WA0057\" width=\"550\" height=\"309\" \/><\/p>\n","protected":false},"excerpt":{"rendered":"<p>En el marco del paro nacional de los trabajadores del ministerio de Trabajo de la Naci\u00f3n convocado por ATE, los trabajadores de la delegaci\u00f3n regional C\u00f3rdoba paralizaron ayer sus actividades y realizaron un corte de calle frente al organismo. En la oportunidad estuvieron los dirigentes de la conducci\u00f3n provincial Luis Barcena, secretario Adjunto, Diego Guerra, [&hellip;]<\/p>\n","protected":false},"author":1,"featured_media":19220,"comment_status":"open","ping_status":"open","sticky":false,"template":"","format":"standard","meta":{"_exactmetrics_skip_tracking":false,"_exactmetrics_sitenote_active":false,"_exactmetrics_sitenote_note":"","_exactmetrics_sitenote_category":0,"jnews-multi-image_gallery":[],"jnews_single_post":[],"jnews_primary_category":[],"jnews_social_meta":[],"jnews_review":[],"enable_review":"","type":"","name":"","summary":"","brand":"","sku":"","good":[],"bad":[],"score_override":"","override_value":"","rating":[],"price":[],"jnews_override_counter":[],"jnews_post_split":[],"footnotes":""},"categories":[107,18],"tags":[],"class_list":["post-6652","post","type-post","status-publish","format-standard","has-post-thumbnail","hentry","category-ministerio-de-trabajo","category-nacionales"],"jetpack_featured_media_url":"https:\/\/atecordoba.org\/wp-content\/uploads\/2020\/05\/logo-nuevochico-e1561581322808.png","_links":{"self":[{"href":"https:\/\/atecordoba.org\/index.php?rest_route=\/wp\/v2\/posts\/6652","targetHints":{"allow":["GET"]}}],"collection":[{"href":"https:\/\/atecordoba.org\/index.php?rest_route=\/wp\/v2\/posts"}],"about":[{"href":"https:\/\/atecordoba.org\/index.php?rest_route=\/wp\/v2\/types\/post"}],"author":[{"embeddable":true,"href":"https:\/\/atecordoba.org\/index.php?rest_route=\/wp\/v2\/users\/1"}],"replies":[{"embeddable":true,"href":"https:\/\/atecordoba.org\/index.php?rest_route=%2Fwp%2Fv2%2Fcomments&post=6652"}],"version-history":[{"count":0,"href":"https:\/\/atecordoba.org\/index.php?rest_route=\/wp\/v2\/posts\/6652\/revisions"}],"wp:featuredmedia":[{"embeddable":true,"href":"https:\/\/atecordoba.org\/index.php?rest_route=\/wp\/v2\/media\/19220"}],"wp:attachment":[{"href":"https:\/\/atecordoba.org\/index.php?rest_route=%2Fwp%2Fv2%2Fmedia&parent=6652"}],"wp:term":[{"taxonomy":"category","embeddable":true,"href":"https:\/\/atecordoba.org\/index.php?rest_route=%2Fwp%2Fv2%2Fcategories&post=6652"},{"taxonomy":"post_tag","embeddable":true,"href":"https:\/\/atecordoba.org\/index.php?rest_route=%2Fwp%2Fv2%2Ftags&post=6652"}],"curies":[{"name":"wp","href":"https:\/\/api.w.org\/{rel}","templated":true}]}}