{"id":6642,"date":"2016-04-07T17:15:06","date_gmt":"2016-04-07T20:15:06","guid":{"rendered":"http:\/\/www.atecordoba.org\/?p=6642"},"modified":"2016-04-07T17:15:06","modified_gmt":"2016-04-07T20:15:06","slug":"alto-acatamiento-al-paro-provincial-en-los-hospitales-provinciales","status":"publish","type":"post","link":"https:\/\/atecordoba.org\/?p=6642","title":{"rendered":"Alto acatamiento al paro provincial en los hospitales"},"content":{"rendered":"<p><em>La medida de fuerza se llev\u00f3 a cabo en los centros de salud de C\u00f3rdoba Capital y en algunos nosocomios del interior provincial. Una nutrida columna de trabajadores se moviliz\u00f3\u00a0al Ministerio de Salud.<\/em><\/p>\n<p><img loading=\"lazy\" decoding=\"async\" class=\"aligncenter size-full wp-image-6643\" src=\"http:\/\/www.atecordoba.org\/wp-content\/uploads\/2016\/04\/DSC_0385-e1460059675471.jpg\" alt=\"DSC_0385\" width=\"550\" height=\"309\" \/><\/p>\n<p>Con alto acatamiento se cumpli\u00f3 hoy el paro \u00a0en los hospitales provinciales, medida de fuerza convocada \u00a0por ATE en reclamo de aumento salarial para los trabajadores del sector. En una nota presentada ante el ministro de Salud, Francisco Fortuna, ATE solicit\u00f3 &#8220;la urgente convocatoria a una rediscusi\u00f3n salarial&#8221; dada la insuficiente pauta otorgada para el 2016.<\/p>\n<p><img loading=\"lazy\" decoding=\"async\" class=\"aligncenter size-full wp-image-6648\" src=\"http:\/\/www.atecordoba.org\/wp-content\/uploads\/2016\/04\/DSC_0466-e1460059936796.jpg\" alt=\"DSC_0466\" width=\"309\" height=\"550\" \/><\/p>\n<p>&nbsp;<\/p>\n<p>Todos los servicios de los hospitales estuvieron paralizados y s\u00f3lo se garantizaron las guardias m\u00ednimas en los hospitales C\u00f3rdoba, Tr\u00e1nsito C\u00e1ceres de Allende, Misericordia, Neonatal, Maternidad Provincial, De ni\u00f1os, San Roque, Oncol\u00f3gico, Rawson, Florencio D\u00edaz, Neurosiqui\u00e1trico, as\u00ed como la Casa del Joven y el Ipad. Tambi\u00e9n se sumaron al paro los hospitales del interior de Villa Mar\u00eda, Unquillo, Alta Gracia y R\u00edo Tercero. Asimismo la medida de fuerza se llev\u00f3 a cabo en el Ministerio de Educaci\u00f3n, en la Direcci\u00f3n de Administraci\u00f3n de ese organismo, donde los trabajadores sostienen un plan de lucha desde mediados de febrero.<\/p>\n<p><img loading=\"lazy\" decoding=\"async\" class=\"aligncenter size-full wp-image-6645\" src=\"http:\/\/www.atecordoba.org\/wp-content\/uploads\/2016\/04\/DSC_0412-e1460059784536.jpg\" alt=\"DSC_0412\" width=\"550\" height=\"309\" \/><\/p>\n<p>En ese marco, una nutrida movilizaci\u00f3n \u00a0march\u00f3 hasta el Ministerio de Salud, en el Complejo Pizzurno, interrumpiendo en tr\u00e1nsito en la avenida V\u00e9lez Sarsfield. Desde la\u00a0Plaza de las Am\u00e9ricas una gruesa columna, con banderas de los distintos nosocomios, se traslad\u00f3 hasta el frente del despacho del ministro Fortuna, haciendo saber su repudio a la pol\u00edtica salarial de la Provincia, el estado de abandono de los hospitales y la urgencia de realizar el pase a planta de los miles de compa\u00f1eros precarizados en los distintos servicios.<\/p>\n<p><img loading=\"lazy\" decoding=\"async\" class=\"aligncenter size-full wp-image-6646\" src=\"http:\/\/www.atecordoba.org\/wp-content\/uploads\/2016\/04\/DSC_0419-e1460059837708.jpg\" alt=\"DSC_0419\" width=\"550\" height=\"309\" \/><\/p>\n<p>Durante el acto realizado al finalizar la marcha, el secretario Adjunto del Consejo Directivo Provincial, Luis Barcena, critic\u00f3 el la gesti\u00f3n provincial en el sistema sanitario\u00a0al se\u00f1alar que &#8220;no se garantiza la salud p\u00fablica con los hospitales destruidos. El gobierno le miente al pueblo de C\u00f3rdoba, diciendo que invierte en los hospitales. Hay que ver c\u00f3mo est\u00e1n trabajando los compa\u00f1eros enfermeros, los administrativos, los de limpieza. Ellos son los que sostienen los servicios en cada nosocomio, no el ministro. Que deje de mentir que ac\u00e1 hay paritarias: ac\u00e1 hubo acuerdo pol\u00edtico pero no llama a una mesa de relaciones laborales donde est\u00e9n integrados todos los gremios con representaci\u00f3n&#8221;.<\/p>\n<p><img loading=\"lazy\" decoding=\"async\" class=\"aligncenter size-full wp-image-6647\" src=\"http:\/\/www.atecordoba.org\/wp-content\/uploads\/2016\/04\/DSC_0453-e1460059881863.jpg\" alt=\"DSC_0453\" width=\"550\" height=\"309\" \/><\/p>\n<p>En esa l\u00ednea, Barcena festej\u00f3 la participaci\u00f3n de otros gremios y agrupaciones en la convocatoria de ATE y afirm\u00f3 que &#8220;queda bien claro que hoy tomamos la decisi\u00f3n desde la conducci\u00f3n del gremio, conjuntamente con los delegados y los trabajadores de base para marchar ac\u00e1 donde implementan una pol\u00edtica para el avasallamiento de los trabajadores.\u00a0Y los trabajadores somos quienes le ponemos el cuerpo todos los d\u00edas para darle salud al paciente y ponemos la cara. Por eso recibimos las quejas cuando las pol\u00edtica est\u00e1 dise\u00f1ada por el Ministerio y el gobernador Schiaretti&#8221;.<\/p>\n<p><img loading=\"lazy\" decoding=\"async\" class=\"aligncenter size-full wp-image-6649\" src=\"http:\/\/www.atecordoba.org\/wp-content\/uploads\/2016\/04\/DSC_0481-e1460059973649.jpg\" alt=\"DSC_0481\" width=\"550\" height=\"309\" \/><\/p>\n<p>Se destac\u00f3 la presencia de compa\u00f1eros estatales nacionales como los trabajadores de la Secretaria de Agricultura Familiar y del Ministerio de Desarrollo Social.<\/p>\n<p><img loading=\"lazy\" decoding=\"async\" class=\"aligncenter size-full wp-image-6650\" src=\"http:\/\/www.atecordoba.org\/wp-content\/uploads\/2016\/04\/b5ca7acf-3265-4253-a6c9-1851ec6e9909-e1460059998192.jpg\" alt=\"b5ca7acf-3265-4253-a6c9-1851ec6e9909\" width=\"550\" height=\"309\" \/><\/p>\n","protected":false},"excerpt":{"rendered":"<p>La medida de fuerza se llev\u00f3 a cabo en los centros de salud de C\u00f3rdoba Capital y en algunos nosocomios del interior provincial. Una nutrida columna de trabajadores se moviliz\u00f3\u00a0al Ministerio de Salud. Con alto acatamiento se cumpli\u00f3 hoy el paro \u00a0en los hospitales provinciales, medida de fuerza convocada \u00a0por ATE en reclamo de aumento [&hellip;]<\/p>\n","protected":false},"author":1,"featured_media":19220,"comment_status":"open","ping_status":"open","sticky":false,"template":"","format":"standard","meta":{"_exactmetrics_skip_tracking":false,"_exactmetrics_sitenote_active":false,"_exactmetrics_sitenote_note":"","_exactmetrics_sitenote_category":0,"jnews-multi-image_gallery":[],"jnews_single_post":[],"jnews_primary_category":[],"jnews_social_meta":[],"jnews_review":[],"enable_review":"","type":"","name":"","summary":"","brand":"","sku":"","good":[],"bad":[],"score_override":"","override_value":"","rating":[],"price":[],"jnews_override_counter":[],"jnews_post_split":[],"footnotes":""},"categories":[7,8,14],"tags":[],"class_list":["post-6642","post","type-post","status-publish","format-standard","has-post-thumbnail","hentry","category-hospitales","category-provinciales","category-villa-maria"],"jetpack_featured_media_url":"https:\/\/atecordoba.org\/wp-content\/uploads\/2020\/05\/logo-nuevochico-e1561581322808.png","_links":{"self":[{"href":"https:\/\/atecordoba.org\/index.php?rest_route=\/wp\/v2\/posts\/6642","targetHints":{"allow":["GET"]}}],"collection":[{"href":"https:\/\/atecordoba.org\/index.php?rest_route=\/wp\/v2\/posts"}],"about":[{"href":"https:\/\/atecordoba.org\/index.php?rest_route=\/wp\/v2\/types\/post"}],"author":[{"embeddable":true,"href":"https:\/\/atecordoba.org\/index.php?rest_route=\/wp\/v2\/users\/1"}],"replies":[{"embeddable":true,"href":"https:\/\/atecordoba.org\/index.php?rest_route=%2Fwp%2Fv2%2Fcomments&post=6642"}],"version-history":[{"count":0,"href":"https:\/\/atecordoba.org\/index.php?rest_route=\/wp\/v2\/posts\/6642\/revisions"}],"wp:featuredmedia":[{"embeddable":true,"href":"https:\/\/atecordoba.org\/index.php?rest_route=\/wp\/v2\/media\/19220"}],"wp:attachment":[{"href":"https:\/\/atecordoba.org\/index.php?rest_route=%2Fwp%2Fv2%2Fmedia&parent=6642"}],"wp:term":[{"taxonomy":"category","embeddable":true,"href":"https:\/\/atecordoba.org\/index.php?rest_route=%2Fwp%2Fv2%2Fcategories&post=6642"},{"taxonomy":"post_tag","embeddable":true,"href":"https:\/\/atecordoba.org\/index.php?rest_route=%2Fwp%2Fv2%2Ftags&post=6642"}],"curies":[{"name":"wp","href":"https:\/\/api.w.org\/{rel}","templated":true}]}}