{"id":6639,"date":"2016-04-06T17:16:18","date_gmt":"2016-04-06T20:16:18","guid":{"rendered":"http:\/\/www.atecordoba.org\/?p=6639"},"modified":"2016-04-06T17:16:18","modified_gmt":"2016-04-06T20:16:18","slug":"plenario-de-delegados-nacionales-de-cordoba","status":"publish","type":"post","link":"https:\/\/atecordoba.org\/?p=6639","title":{"rendered":"Plenario de delegados nacionales de C\u00f3rdoba"},"content":{"rendered":"<p><em>El pr\u00f3ximo viernes 8 de abril se llevar\u00e1 a cabo un plenario de delegados del Estado nacional de C\u00f3rdoba. El encuentro contar\u00e1 con la presencia de la secretaria de Organizaci\u00f3n del Consejo Directivo nacional, Silvia Le\u00f3n.<\/em><\/p>\n<p><img loading=\"lazy\" decoding=\"async\" class=\"aligncenter size-full wp-image-6640\" src=\"http:\/\/www.atecordoba.org\/wp-content\/uploads\/2016\/04\/silvia-leon.png\" alt=\"silvia leon\" width=\"342\" height=\"414\" \/><\/p>\n<p>Est\u00e1 previsto que el plenario comience a las 10 horas en la sede de nuestro gremio, Entre R\u00edos 450. En la oportunidad se pondr\u00e1 en discusi\u00f3n los pasos a seguir en el marco del plan de lucha que ATE viene desarrollando en el Estado nacional debido a la ola de despidos en distintos organismos. Tambi\u00e9n se debatir\u00e1 la v\u00eda de acci\u00f3n gremial para los reclamos salariales de los estatales, ante la creciendo escalada inflacionaria que afecta directamente el poder adquisitivo de los trabajadores.<\/p>\n<p>En tanto, la presencia de la compa\u00f1era Silvia Le\u00f3n enriquecer\u00e1 el debate, actualizando la situaci\u00f3n de los conflictos de los distintos organismos del Estado en los diversos puntos del pa\u00eds, as\u00ed como las perspectivas pol\u00edtico gremiales que impulsan en la conducci\u00f3n nacional de ATE para resistir el ajuste del gobierno de Macri y coordinar estrategias de lucha para avanzar en los reclamos salariales.<\/p>\n<p>El Consejo Directivo Provincial invita a todos los delegados a concurrir al plenario.<\/p>\n","protected":false},"excerpt":{"rendered":"<p>El pr\u00f3ximo viernes 8 de abril se llevar\u00e1 a cabo un plenario de delegados del Estado nacional de C\u00f3rdoba. El encuentro contar\u00e1 con la presencia de la secretaria de Organizaci\u00f3n del Consejo Directivo nacional, Silvia Le\u00f3n. Est\u00e1 previsto que el plenario comience a las 10 horas en la sede de nuestro gremio, Entre R\u00edos 450. [&hellip;]<\/p>\n","protected":false},"author":1,"featured_media":19220,"comment_status":"open","ping_status":"open","sticky":false,"template":"","format":"standard","meta":{"_exactmetrics_skip_tracking":false,"_exactmetrics_sitenote_active":false,"_exactmetrics_sitenote_note":"","_exactmetrics_sitenote_category":0,"jnews-multi-image_gallery":[],"jnews_single_post":[],"jnews_primary_category":[],"jnews_social_meta":[],"jnews_review":[],"enable_review":"","type":"","name":"","summary":"","brand":"","sku":"","good":[],"bad":[],"score_override":"","override_value":"","rating":[],"price":[],"jnews_override_counter":[],"jnews_post_split":[],"footnotes":""},"categories":[18],"tags":[],"class_list":["post-6639","post","type-post","status-publish","format-standard","has-post-thumbnail","hentry","category-nacionales"],"jetpack_featured_media_url":"https:\/\/atecordoba.org\/wp-content\/uploads\/2020\/05\/logo-nuevochico-e1561581322808.png","_links":{"self":[{"href":"https:\/\/atecordoba.org\/index.php?rest_route=\/wp\/v2\/posts\/6639","targetHints":{"allow":["GET"]}}],"collection":[{"href":"https:\/\/atecordoba.org\/index.php?rest_route=\/wp\/v2\/posts"}],"about":[{"href":"https:\/\/atecordoba.org\/index.php?rest_route=\/wp\/v2\/types\/post"}],"author":[{"embeddable":true,"href":"https:\/\/atecordoba.org\/index.php?rest_route=\/wp\/v2\/users\/1"}],"replies":[{"embeddable":true,"href":"https:\/\/atecordoba.org\/index.php?rest_route=%2Fwp%2Fv2%2Fcomments&post=6639"}],"version-history":[{"count":0,"href":"https:\/\/atecordoba.org\/index.php?rest_route=\/wp\/v2\/posts\/6639\/revisions"}],"wp:featuredmedia":[{"embeddable":true,"href":"https:\/\/atecordoba.org\/index.php?rest_route=\/wp\/v2\/media\/19220"}],"wp:attachment":[{"href":"https:\/\/atecordoba.org\/index.php?rest_route=%2Fwp%2Fv2%2Fmedia&parent=6639"}],"wp:term":[{"taxonomy":"category","embeddable":true,"href":"https:\/\/atecordoba.org\/index.php?rest_route=%2Fwp%2Fv2%2Fcategories&post=6639"},{"taxonomy":"post_tag","embeddable":true,"href":"https:\/\/atecordoba.org\/index.php?rest_route=%2Fwp%2Fv2%2Ftags&post=6639"}],"curies":[{"name":"wp","href":"https:\/\/api.w.org\/{rel}","templated":true}]}}