{"id":6636,"date":"2016-04-05T15:53:49","date_gmt":"2016-04-05T18:53:49","guid":{"rendered":"http:\/\/www.atecordoba.org\/?p=6636"},"modified":"2016-04-05T15:53:49","modified_gmt":"2016-04-05T18:53:49","slug":"ministerio-de-trabajo-manana-paro-nacional-por-la-reincorporacion-de-280-despedidos","status":"publish","type":"post","link":"https:\/\/atecordoba.org\/?p=6636","title":{"rendered":"Ministerio de Trabajo: ma\u00f1ana, paro nacional por la reincorporaci\u00f3n de 280 despedidos"},"content":{"rendered":"<p><em>En continuidad del plan de lucha que se inici\u00f3 en marzo pasado en el Ministerio de Trabajo de la naci\u00f3n, y ante los 280 despidos que sufri\u00f3 el sector desde enero a esta parte, ATE resolvi\u00f3 realizar ma\u00f1ana un paro nacional en reclamo de la urgente reincorporaci\u00f3n de los compa\u00f1eros despedidos. <\/em><\/p>\n<p><img loading=\"lazy\" decoding=\"async\" class=\"aligncenter size-full wp-image-6637\" src=\"http:\/\/www.atecordoba.org\/wp-content\/uploads\/2016\/04\/FBK-PARO-NACIONAL-06-06-16-nac-e1459882408606.jpg\" alt=\"FBK-PARO-NACIONAL-06-06-16-nac\" width=\"500\" height=\"708\" \/><\/p>\n<p>La medida de fuerza dar\u00e1 inicio a las 10 horas en la Delegaci\u00f3n C\u00f3rdoba, 27 de abril 351 y est\u00e1 previsto realizar una protesta con la calle frente al organismo. Al mismo tiempo, los trabajadores exigen el fin de los despidos en todo el Estado nacional.<\/p>\n","protected":false},"excerpt":{"rendered":"<p>En continuidad del plan de lucha que se inici\u00f3 en marzo pasado en el Ministerio de Trabajo de la naci\u00f3n, y ante los 280 despidos que sufri\u00f3 el sector desde enero a esta parte, ATE resolvi\u00f3 realizar ma\u00f1ana un paro nacional en reclamo de la urgente reincorporaci\u00f3n de los compa\u00f1eros despedidos. La medida de fuerza [&hellip;]<\/p>\n","protected":false},"author":1,"featured_media":19220,"comment_status":"open","ping_status":"open","sticky":false,"template":"","format":"standard","meta":{"_exactmetrics_skip_tracking":false,"_exactmetrics_sitenote_active":false,"_exactmetrics_sitenote_note":"","_exactmetrics_sitenote_category":0,"jnews-multi-image_gallery":[],"jnews_single_post":[],"jnews_primary_category":[],"jnews_social_meta":[],"jnews_review":[],"enable_review":"","type":"","name":"","summary":"","brand":"","sku":"","good":[],"bad":[],"score_override":"","override_value":"","rating":[],"price":[],"jnews_override_counter":[],"jnews_post_split":[],"footnotes":""},"categories":[107,18],"tags":[],"class_list":["post-6636","post","type-post","status-publish","format-standard","has-post-thumbnail","hentry","category-ministerio-de-trabajo","category-nacionales"],"jetpack_featured_media_url":"https:\/\/atecordoba.org\/wp-content\/uploads\/2020\/05\/logo-nuevochico-e1561581322808.png","_links":{"self":[{"href":"https:\/\/atecordoba.org\/index.php?rest_route=\/wp\/v2\/posts\/6636","targetHints":{"allow":["GET"]}}],"collection":[{"href":"https:\/\/atecordoba.org\/index.php?rest_route=\/wp\/v2\/posts"}],"about":[{"href":"https:\/\/atecordoba.org\/index.php?rest_route=\/wp\/v2\/types\/post"}],"author":[{"embeddable":true,"href":"https:\/\/atecordoba.org\/index.php?rest_route=\/wp\/v2\/users\/1"}],"replies":[{"embeddable":true,"href":"https:\/\/atecordoba.org\/index.php?rest_route=%2Fwp%2Fv2%2Fcomments&post=6636"}],"version-history":[{"count":0,"href":"https:\/\/atecordoba.org\/index.php?rest_route=\/wp\/v2\/posts\/6636\/revisions"}],"wp:featuredmedia":[{"embeddable":true,"href":"https:\/\/atecordoba.org\/index.php?rest_route=\/wp\/v2\/media\/19220"}],"wp:attachment":[{"href":"https:\/\/atecordoba.org\/index.php?rest_route=%2Fwp%2Fv2%2Fmedia&parent=6636"}],"wp:term":[{"taxonomy":"category","embeddable":true,"href":"https:\/\/atecordoba.org\/index.php?rest_route=%2Fwp%2Fv2%2Fcategories&post=6636"},{"taxonomy":"post_tag","embeddable":true,"href":"https:\/\/atecordoba.org\/index.php?rest_route=%2Fwp%2Fv2%2Ftags&post=6636"}],"curies":[{"name":"wp","href":"https:\/\/api.w.org\/{rel}","templated":true}]}}