{"id":6633,"date":"2016-04-04T18:03:01","date_gmt":"2016-04-04T21:03:01","guid":{"rendered":"http:\/\/www.atecordoba.org\/?p=6633"},"modified":"2016-04-04T18:03:01","modified_gmt":"2016-04-04T21:03:01","slug":"salud-provincial-ate-intensifica-las-medidas-de-fuerza-con-un-nuevo-paro","status":"publish","type":"post","link":"https:\/\/atecordoba.org\/?p=6633","title":{"rendered":"Salud provincial: ATE intensifica las medidas de fuerza con un nuevo paro"},"content":{"rendered":"<p><em>La Comisi\u00f3n Directiva de ATE C\u00f3rdoba, junto al cuerpo de delegados provinciales, resolvi\u00f3 hoy realizar una jornada de protesta el pr\u00f3ximo jueves 7 de abril en el sector hospitalario provincial. Se trata de un d\u00eda de lucha en defensa de la salud p\u00fablica y el salario que se realizar\u00e1 el D\u00eda Mundial de la Salud.<\/em><\/p>\n<p><img loading=\"lazy\" decoding=\"async\" class=\"aligncenter size-full wp-image-6601\" src=\"http:\/\/www.atecordoba.org\/wp-content\/uploads\/2016\/03\/CAM07718-e1459291781777.jpg\" alt=\"CAM07718\" width=\"550\" height=\"413\" \/><\/p>\n<p>La medida de fuerza, disidida hoy en plenario realizado en la sede de nuestro gremio, consistir\u00e1 en un paro con abandono de tareas a las 9 horas con posterior concentraci\u00f3n en ATE para movilizarnos.<\/p>\n<p>Motiva la jornada de protesta la continuidad de plan de lucha, iniciado a mediados de febrero, en reclamo de una recomposici\u00f3n salarial que compense la escalada inflacionaria, que deber\u00e1 superar la escasa pauta otorgada por el gobierno provincial.<\/p>\n<p>Vale se\u00f1alar que hasta el momento, y a pesar de las numerosas y efectivas medidas de fuerza llevadas a cabo, el gobierno de Juan Schiaretti no se avino a discutir los reclamos planteados. Si bien el Ministerio de Salud concedi\u00f3 una audiencia a la conducci\u00f3n de ATE para tratar la situaci\u00f3n de los hospitales provinciales, la reuni\u00f3n no gener\u00f3 respuestas satisfactorias a las necesidades de los trabajadores.<\/p>\n<p>En tanto la situaci\u00f3n se mantenga sin cambios, continuar\u00e1n las medidas de fuerza, afectando a la comunidad que requiere los servicios de los distintos organismos. Todo es consecuencia de la \u00a0insensibilidad del gobierno que aplica el ajuste a los salarios sin importarle la necesidad de la poblaci\u00f3n de acceder a servicios b\u00e1sicos, como la salud p\u00fablica.<\/p>\n","protected":false},"excerpt":{"rendered":"<p>La Comisi\u00f3n Directiva de ATE C\u00f3rdoba, junto al cuerpo de delegados provinciales, resolvi\u00f3 hoy realizar una jornada de protesta el pr\u00f3ximo jueves 7 de abril en el sector hospitalario provincial. Se trata de un d\u00eda de lucha en defensa de la salud p\u00fablica y el salario que se realizar\u00e1 el D\u00eda Mundial de la Salud. [&hellip;]<\/p>\n","protected":false},"author":1,"featured_media":19220,"comment_status":"open","ping_status":"open","sticky":false,"template":"","format":"standard","meta":{"_exactmetrics_skip_tracking":false,"_exactmetrics_sitenote_active":false,"_exactmetrics_sitenote_note":"","_exactmetrics_sitenote_category":0,"jnews-multi-image_gallery":[],"jnews_single_post":[],"jnews_primary_category":[],"jnews_social_meta":[],"jnews_review":[],"enable_review":"","type":"","name":"","summary":"","brand":"","sku":"","good":[],"bad":[],"score_override":"","override_value":"","rating":[],"price":[],"jnews_override_counter":[],"jnews_post_split":[],"footnotes":""},"categories":[7,8],"tags":[],"class_list":["post-6633","post","type-post","status-publish","format-standard","has-post-thumbnail","hentry","category-hospitales","category-provinciales"],"jetpack_featured_media_url":"https:\/\/atecordoba.org\/wp-content\/uploads\/2020\/05\/logo-nuevochico-e1561581322808.png","_links":{"self":[{"href":"https:\/\/atecordoba.org\/index.php?rest_route=\/wp\/v2\/posts\/6633","targetHints":{"allow":["GET"]}}],"collection":[{"href":"https:\/\/atecordoba.org\/index.php?rest_route=\/wp\/v2\/posts"}],"about":[{"href":"https:\/\/atecordoba.org\/index.php?rest_route=\/wp\/v2\/types\/post"}],"author":[{"embeddable":true,"href":"https:\/\/atecordoba.org\/index.php?rest_route=\/wp\/v2\/users\/1"}],"replies":[{"embeddable":true,"href":"https:\/\/atecordoba.org\/index.php?rest_route=%2Fwp%2Fv2%2Fcomments&post=6633"}],"version-history":[{"count":0,"href":"https:\/\/atecordoba.org\/index.php?rest_route=\/wp\/v2\/posts\/6633\/revisions"}],"wp:featuredmedia":[{"embeddable":true,"href":"https:\/\/atecordoba.org\/index.php?rest_route=\/wp\/v2\/media\/19220"}],"wp:attachment":[{"href":"https:\/\/atecordoba.org\/index.php?rest_route=%2Fwp%2Fv2%2Fmedia&parent=6633"}],"wp:term":[{"taxonomy":"category","embeddable":true,"href":"https:\/\/atecordoba.org\/index.php?rest_route=%2Fwp%2Fv2%2Fcategories&post=6633"},{"taxonomy":"post_tag","embeddable":true,"href":"https:\/\/atecordoba.org\/index.php?rest_route=%2Fwp%2Fv2%2Ftags&post=6633"}],"curies":[{"name":"wp","href":"https:\/\/api.w.org\/{rel}","templated":true}]}}