{"id":6630,"date":"2016-04-01T16:12:47","date_gmt":"2016-04-01T19:12:47","guid":{"rendered":"http:\/\/www.atecordoba.org\/?p=6630"},"modified":"2016-04-01T16:12:47","modified_gmt":"2016-04-01T19:12:47","slug":"plenario-de-delegados-resolvio-estado-de-alerta-y-movilizacion-en-todos-los-organismos-nacionales","status":"publish","type":"post","link":"https:\/\/atecordoba.org\/?p=6630","title":{"rendered":"Plenario de delegados resolvi\u00f3 estado de alerta y movilizaci\u00f3n en todos los organismos nacionales"},"content":{"rendered":"<p><em>Reunido en plenario el cuerpo de delegados nacionales de ATE debati\u00f3 la coyuntura que atraviesan los distintos sectores del Estado nacional, concluyendo en la necesidad de solicitar una urgente convocatoria a paritarias de parte del gobierno nacional, a los efectos de plantear un incremento salarial que compense la escalada inflacionaria de los \u00faltimos meses y su proyecci\u00f3n para el presente a\u00f1o. El encuentro estuvo encabezado por la secretaria General de ATE, Mar\u00eda Liliana Salerno.<\/em><\/p>\n<p><img loading=\"lazy\" decoding=\"async\" class=\"aligncenter size-full wp-image-6427\" src=\"http:\/\/www.atecordoba.org\/wp-content\/uploads\/2016\/03\/salerno-e1457025317865.jpg\" alt=\"salerno\" width=\"550\" height=\"341\" \/><\/p>\n<p>Los delegados estimaron que cualquier discusi\u00f3n salarial debe partir de un piso de recomposici\u00f3n del 40%, toda vez que el a\u00f1o pasado la inflaci\u00f3n alcanz\u00f3 hasta noviembre el 30% y que el \u00faltimo trimestre registr\u00f3 un alza de al menos el 10%, seg\u00fan difundieron las diversas consultoras privadas, ya que el Indec no difunde cifras oficiales a la fecha.<\/p>\n<p>Cabe se\u00f1alar que los estudios realizados por los compa\u00f1eros de la Junta Interna de ATE-Indec establecieron que todo trabajador debe tener un ingreso superior a los 16 mil pesos para no caer en la pobreza.<\/p>\n<p>Asimismo se plante\u00f3 la preocupaci\u00f3n respecto de la ola de despidos que los trabajadores est\u00e1n sufriendo en los distintos organismos del Estado nacional, concluyendo que resulta imperioso la toma de acciones tendientes a garantizar la continuidad laboral de los compa\u00f1eros y la reincorporaci\u00f3n de los trabajadores despedidos.<\/p>\n<p>En tal sentido, los delegados nacionales reunidos resolvieron:<\/p>\n<p>Decretar el estado de alerta y movilizaci\u00f3n en todos los organismos del Estado nacional en la provincia de C\u00f3rdoba.<\/p>\n<p>Impulsar acciones gremiales conjuntas de dichos organismos, tomando como referencia los d\u00edas mi\u00e9rcoles de cada semana.<\/p>\n<p>Dar continuidad al plan de lucha que viene llevando adelante ATE en todo el pa\u00eds y, en consecuencia, realizar todas las acciones necesarias para garantizar la masividad de la medida de fuerza a realizarse en abril, que confirmar\u00e1 el 7 del corriente la conducci\u00f3n nacional de nuestro gremio.<\/p>\n<p>Convocar a un nuevo plenario de delegados nacionales para el pr\u00f3ximo 8 de abril, a las 9 horas.<\/p>\n","protected":false},"excerpt":{"rendered":"<p>Reunido en plenario el cuerpo de delegados nacionales de ATE debati\u00f3 la coyuntura que atraviesan los distintos sectores del Estado nacional, concluyendo en la necesidad de solicitar una urgente convocatoria a paritarias de parte del gobierno nacional, a los efectos de plantear un incremento salarial que compense la escalada inflacionaria de los \u00faltimos meses y [&hellip;]<\/p>\n","protected":false},"author":1,"featured_media":19220,"comment_status":"open","ping_status":"open","sticky":false,"template":"","format":"standard","meta":{"_exactmetrics_skip_tracking":false,"_exactmetrics_sitenote_active":false,"_exactmetrics_sitenote_note":"","_exactmetrics_sitenote_category":0,"jnews-multi-image_gallery":[],"jnews_single_post":[],"jnews_primary_category":[],"jnews_social_meta":[],"jnews_review":[],"enable_review":"","type":"","name":"","summary":"","brand":"","sku":"","good":[],"bad":[],"score_override":"","override_value":"","rating":[],"price":[],"jnews_override_counter":[],"jnews_post_split":[],"footnotes":""},"categories":[18],"tags":[],"class_list":["post-6630","post","type-post","status-publish","format-standard","has-post-thumbnail","hentry","category-nacionales"],"jetpack_featured_media_url":"https:\/\/atecordoba.org\/wp-content\/uploads\/2020\/05\/logo-nuevochico-e1561581322808.png","_links":{"self":[{"href":"https:\/\/atecordoba.org\/index.php?rest_route=\/wp\/v2\/posts\/6630","targetHints":{"allow":["GET"]}}],"collection":[{"href":"https:\/\/atecordoba.org\/index.php?rest_route=\/wp\/v2\/posts"}],"about":[{"href":"https:\/\/atecordoba.org\/index.php?rest_route=\/wp\/v2\/types\/post"}],"author":[{"embeddable":true,"href":"https:\/\/atecordoba.org\/index.php?rest_route=\/wp\/v2\/users\/1"}],"replies":[{"embeddable":true,"href":"https:\/\/atecordoba.org\/index.php?rest_route=%2Fwp%2Fv2%2Fcomments&post=6630"}],"version-history":[{"count":0,"href":"https:\/\/atecordoba.org\/index.php?rest_route=\/wp\/v2\/posts\/6630\/revisions"}],"wp:featuredmedia":[{"embeddable":true,"href":"https:\/\/atecordoba.org\/index.php?rest_route=\/wp\/v2\/media\/19220"}],"wp:attachment":[{"href":"https:\/\/atecordoba.org\/index.php?rest_route=%2Fwp%2Fv2%2Fmedia&parent=6630"}],"wp:term":[{"taxonomy":"category","embeddable":true,"href":"https:\/\/atecordoba.org\/index.php?rest_route=%2Fwp%2Fv2%2Fcategories&post=6630"},{"taxonomy":"post_tag","embeddable":true,"href":"https:\/\/atecordoba.org\/index.php?rest_route=%2Fwp%2Fv2%2Ftags&post=6630"}],"curies":[{"name":"wp","href":"https:\/\/api.w.org\/{rel}","templated":true}]}}