{"id":6624,"date":"2016-03-31T18:45:11","date_gmt":"2016-03-31T21:45:11","guid":{"rendered":"http:\/\/www.atecordoba.org\/?p=6624"},"modified":"2016-03-31T18:45:11","modified_gmt":"2016-03-31T21:45:11","slug":"ministerio-de-trabajo-plan-de-lucha-ante-la-ola-de-despidos","status":"publish","type":"post","link":"https:\/\/atecordoba.org\/?p=6624","title":{"rendered":"Ministerio de Trabajo: plan de lucha ante la ola de despidos"},"content":{"rendered":"<p><em>ATE realiz\u00f3 una masiva asamblea donde particip\u00f3 la totalidad de los trabajadores del organismo. Se produjeron 237 cesant\u00edas de las cuales cinco pertenecen a la delegaci\u00f3n C\u00f3rdoba.<\/em><\/p>\n<p><img loading=\"lazy\" decoding=\"async\" class=\"aligncenter size-full wp-image-6625\" src=\"http:\/\/www.atecordoba.org\/wp-content\/uploads\/2016\/03\/9d4aa48f-c35e-463d-8be4-e046776031be-e1459460366845.jpg\" alt=\"9d4aa48f-c35e-463d-8be4-e046776031be\" width=\"550\" height=\"330\" \/><\/p>\n<p>A media <span id=\"OBJ_PREFIX_DWT144_com_zimbra_date\" class=\"Object\">ma\u00f1ana<\/span> los trabajadores paralizaron la actividad en las oficinas de la calle <span id=\"OBJ_PREFIX_DWT145_com_zimbra_date\" class=\"Object\">27 de abril<\/span>, convoc\u00e1ndose a asamblea por iniciativa de los delegados de ATE y con apoyo del Consejo Directivo Provincial (CDP).<\/p>\n<p>Se iniciaron presentes en el organismo numerosos compa\u00f1eros estatales, nacionales y provinciales, para mostrar su solidaridad con la lucha en el Ministerio, que en C\u00f3rdoba ya sufri\u00f3 cinco cesant\u00edas y que a nivel nacional suman 237.<\/p>\n<p><img loading=\"lazy\" decoding=\"async\" class=\"aligncenter size-full wp-image-6626\" src=\"http:\/\/www.atecordoba.org\/wp-content\/uploads\/2016\/03\/3482d406-0509-4509-af92-2e5f51ce75a1-e1459460396681.jpg\" alt=\"3482d406-0509-4509-af92-2e5f51ce75a1\" width=\"550\" height=\"413\" \/><\/p>\n<p>El CDP estuvo representado por el secretario Adjunto, <span id=\"OBJ_PREFIX_DWT146_com_zimbra_date\" class=\"Object\">Lu<\/span>\u00eds B\u00e1rcena, el Administrativo, Walter Secondino, el Gremial, Diego Guerra, el Progremial, Francisco Pavan, de Prensa, Daniel Pawluchuzk, y de Formaci\u00f3n, Jos\u00e9 Gorozo, entre otros dirigentes.<\/p>\n<p>Los trabajadores resolvieron mantener por tiempo indeterminado el estado de asamblea permanente, a los efectos de esperar una respuesta de las autoridades al reclamo de la reincorporaci\u00f3n de los despedidos.<\/p>\n<p><img loading=\"lazy\" decoding=\"async\" class=\"aligncenter size-full wp-image-6627\" src=\"http:\/\/www.atecordoba.org\/wp-content\/uploads\/2016\/03\/de8bf94a-4341-48db-83ca-6037c5202406-e1459460421851.jpg\" alt=\"de8bf94a-4341-48db-83ca-6037c5202406\" width=\"550\" height=\"413\" \/><\/p>\n<p>\u201cEstamos dando muestras que ATE va a fortalecer la unidad y organizaci\u00f3n de los trabajadores estatales para resistir y revertir todos los despidos. Este gobierno nacional habla de reordenamiento pero en realidad su pol\u00edtica es de ajuste. Por eso ac\u00e1 vamos a continuar el plan de lucha. Que sepan los funcionarios que no se va a mover un solo papel hasta que todos los compa\u00f1eros tengan garantizada la continuidad laboral\u201d, resumi\u00f3 Luis Barcena ante la prensa.<\/p>\n<p><img loading=\"lazy\" decoding=\"async\" class=\"aligncenter size-full wp-image-6628\" src=\"http:\/\/www.atecordoba.org\/wp-content\/uploads\/2016\/03\/1e62e241-c0e1-4270-aeb6-338d0cdbd28b-e1459460673608.jpg\" alt=\"1e62e241-c0e1-4270-aeb6-338d0cdbd28b\" width=\"550\" height=\"413\" \/><\/p>\n<p>En consecuencia est\u00e1 previsto que contin\u00faen las medidas de fuerza <span id=\"OBJ_PREFIX_DWT147_com_zimbra_date\" class=\"Object\">ma\u00f1ana<\/span> y la semana que viene.<\/p>\n","protected":false},"excerpt":{"rendered":"<p>ATE realiz\u00f3 una masiva asamblea donde particip\u00f3 la totalidad de los trabajadores del organismo. Se produjeron 237 cesant\u00edas de las cuales cinco pertenecen a la delegaci\u00f3n C\u00f3rdoba. A media ma\u00f1ana los trabajadores paralizaron la actividad en las oficinas de la calle 27 de abril, convoc\u00e1ndose a asamblea por iniciativa de los delegados de ATE y [&hellip;]<\/p>\n","protected":false},"author":1,"featured_media":19220,"comment_status":"open","ping_status":"open","sticky":false,"template":"","format":"standard","meta":{"_exactmetrics_skip_tracking":false,"_exactmetrics_sitenote_active":false,"_exactmetrics_sitenote_note":"","_exactmetrics_sitenote_category":0,"jnews-multi-image_gallery":[],"jnews_single_post":[],"jnews_primary_category":[],"jnews_social_meta":[],"jnews_review":[],"enable_review":"","type":"","name":"","summary":"","brand":"","sku":"","good":[],"bad":[],"score_override":"","override_value":"","rating":[],"price":[],"jnews_override_counter":[],"jnews_post_split":[],"footnotes":""},"categories":[107,18],"tags":[],"class_list":["post-6624","post","type-post","status-publish","format-standard","has-post-thumbnail","hentry","category-ministerio-de-trabajo","category-nacionales"],"jetpack_featured_media_url":"https:\/\/atecordoba.org\/wp-content\/uploads\/2020\/05\/logo-nuevochico-e1561581322808.png","_links":{"self":[{"href":"https:\/\/atecordoba.org\/index.php?rest_route=\/wp\/v2\/posts\/6624","targetHints":{"allow":["GET"]}}],"collection":[{"href":"https:\/\/atecordoba.org\/index.php?rest_route=\/wp\/v2\/posts"}],"about":[{"href":"https:\/\/atecordoba.org\/index.php?rest_route=\/wp\/v2\/types\/post"}],"author":[{"embeddable":true,"href":"https:\/\/atecordoba.org\/index.php?rest_route=\/wp\/v2\/users\/1"}],"replies":[{"embeddable":true,"href":"https:\/\/atecordoba.org\/index.php?rest_route=%2Fwp%2Fv2%2Fcomments&post=6624"}],"version-history":[{"count":0,"href":"https:\/\/atecordoba.org\/index.php?rest_route=\/wp\/v2\/posts\/6624\/revisions"}],"wp:featuredmedia":[{"embeddable":true,"href":"https:\/\/atecordoba.org\/index.php?rest_route=\/wp\/v2\/media\/19220"}],"wp:attachment":[{"href":"https:\/\/atecordoba.org\/index.php?rest_route=%2Fwp%2Fv2%2Fmedia&parent=6624"}],"wp:term":[{"taxonomy":"category","embeddable":true,"href":"https:\/\/atecordoba.org\/index.php?rest_route=%2Fwp%2Fv2%2Fcategories&post=6624"},{"taxonomy":"post_tag","embeddable":true,"href":"https:\/\/atecordoba.org\/index.php?rest_route=%2Fwp%2Fv2%2Ftags&post=6624"}],"curies":[{"name":"wp","href":"https:\/\/api.w.org\/{rel}","templated":true}]}}