{"id":6620,"date":"2016-03-31T16:11:20","date_gmt":"2016-03-31T19:11:20","guid":{"rendered":"http:\/\/www.atecordoba.org\/?p=6620"},"modified":"2016-03-31T16:11:20","modified_gmt":"2016-03-31T19:11:20","slug":"delegados-del-estado-nacional-resolvieron-un-nuevo-paro","status":"publish","type":"post","link":"https:\/\/atecordoba.org\/?p=6620","title":{"rendered":"Delegados del Estado nacional resolvieron un nuevo paro"},"content":{"rendered":"<p><em>Ayer 600\u00a0representantes de\u00a0todo el pa\u00eds realizaron el Plenario Nacional de Delegados y resolvieron la medida de fuerza para el mes de abril. Los compa\u00f1eros discutieron la situaci\u00f3n general de los trabajadores y plan de lucha frente al ajuste, con miles de despidos, que impulsa la administraci\u00f3n del presidente Mauricio Macri. Previamente, se realizaron encuentros de delegados de las regionales NOA, NEA, Centro, Cuyo, Patagonia y metropolitana, durante todo el mes de febrero. El plenario estuvo presidido\u00a0por los compa\u00f1eros Secretario General, Hugo Godoy, y el Secretario General Adjunto, Julio Fuentes. C\u00f3rdoba particip\u00f3 con 48 delegados, encabezados por nuestra secretaria General, Mar\u00eda Liliana Salerno.\u00a0<\/em><\/p>\n<p><img loading=\"lazy\" decoding=\"async\" class=\"aligncenter size-full wp-image-6621\" src=\"http:\/\/www.atecordoba.org\/wp-content\/uploads\/2016\/03\/plenario-nacional-delegados-nacionales-e1459451453986.jpg\" alt=\"plenario nacional delegados nacionales\" width=\"550\" height=\"349\" \/><\/p>\n<p>Tras cuatro horas de debate y el informe de 22 comisiones, el Secretario General de ATE, Hugo Godoy, sintetiz\u00f3 las conclusiones del plenario de delegados de ATE en el Estado nacional. Entre otros puntos, se resolvi\u00f3 convocar a un paro en todo el pa\u00eds para el mes de abril, cuya fecha ser\u00e1 resuelta la semana pr\u00f3xima. Tambi\u00e9n se acord\u00f3 acompa\u00f1ar todas las luchas decididas en asambleas, consejos provinciales y seccionales<\/p>\n<p>El 7 de abril pr\u00f3ximo la conducci\u00f3n nacional de ATE -compuesta por los miembros del consejo nacional y los secretarios generales de los consejos provinciales- definir\u00e1 la fecha de un paro nacional. As\u00ed lo establecieron los 600 delegados durante el plenario de hoy en Costa Salguero.<\/p>\n<p>Asimismo, ratificaron el respaldo a cualquier medida de fuerza resuelta por asambleas, seccionales y consejos provinciales, \u201cporque en ATE decide la asamblea y ese es un principio irrenunciable\u201d, dijo Hugo Godoy.<\/p>\n<p>En este marco que da continuidad al plan de lucha, los delegados acompa\u00f1ar\u00e1n la vigilia que los trabajadores del Ministerio de Cultura llevar\u00e1n adelante hoy en el Cabildo, ante la posibilidad de que ma\u00f1ana se anuncien nuevos despidos.<\/p>\n<p>As\u00ed tambi\u00e9n, consensuaron acompa\u00f1ar la marcha convocada por ATE Capital Federal para ma\u00f1ana hacia los ministerios de Modernizaci\u00f3n y Trabajo, como otras en distintas ciudades argentinas, y la movilizaci\u00f3n que impulsar\u00e1n los docentes de CTERA el 4 de abril, enmarcada en un paro nacional.<\/p>\n<p>Hugo Godoy a\u00f1adi\u00f3 que hubo \u201cconsenso fuerte\u201d en la estrategia de alcanzar los 60 mil afiliados en el Estado nacional y volver a ser el gremio mayoritario. \u201cPara ello es indispensable el rol de los delegados, las juntas internas y su formaci\u00f3n pol\u00edtica y gremial\u201d, dijo el dirigente cuando alent\u00f3 la convocatoria a elecciones de delegados y la participaci\u00f3n en los talleres de la Escuela de Formaci\u00f3n Libertario Ferrari, que durante la segunda quincena de abril reunir\u00e1 a 60 delegados j\u00f3venes.<\/p>\n<p>Por otro lado, el Secretario General expres\u00f3 que hace mucho tiempo ATE decidi\u00f3 no tener obra social. \u201cEsta idea est\u00e1 anclada en que el Estado tuvo un instituto de seguridad social dirigido por los trabajadores, vaciada durante la d\u00e9cada del \u201990 por el gobierno y que debemos recuperar\u201d, manifest\u00f3.<\/p>\n<p>Para finalizar, Godoy reivindic\u00f3 a los 5 mil trabajadores procesados durante los \u00faltimos a\u00f1os, algunos asesinados como Carlos Fuentealba en Neuqu\u00e9n, hecho que el 4 de abril cumple un nuevo aniversario.<\/p>\n<p>Mencion\u00f3 tambi\u00e9n los procesamientos al Secretario General de ATE Mendoza, Roberto Macho, al de R\u00edo Negro, Rodolfo Aguiar, y exigi\u00f3 la libertad de Milagro Sala, detenida sin justificaci\u00f3n. \u201cCuando el enemigo ataca, no hay distinci\u00f3n que nos separe\u201d, concluy\u00f3.<\/p>\n","protected":false},"excerpt":{"rendered":"<p>Ayer 600\u00a0representantes de\u00a0todo el pa\u00eds realizaron el Plenario Nacional de Delegados y resolvieron la medida de fuerza para el mes de abril. Los compa\u00f1eros discutieron la situaci\u00f3n general de los trabajadores y plan de lucha frente al ajuste, con miles de despidos, que impulsa la administraci\u00f3n del presidente Mauricio Macri. Previamente, se realizaron encuentros de [&hellip;]<\/p>\n","protected":false},"author":1,"featured_media":19220,"comment_status":"open","ping_status":"open","sticky":false,"template":"","format":"standard","meta":{"_exactmetrics_skip_tracking":false,"_exactmetrics_sitenote_active":false,"_exactmetrics_sitenote_note":"","_exactmetrics_sitenote_category":0,"jnews-multi-image_gallery":[],"jnews_single_post":[],"jnews_primary_category":[],"jnews_social_meta":[],"jnews_review":[],"enable_review":"","type":"","name":"","summary":"","brand":"","sku":"","good":[],"bad":[],"score_override":"","override_value":"","rating":[],"price":[],"jnews_override_counter":[],"jnews_post_split":[],"footnotes":""},"categories":[18],"tags":[],"class_list":["post-6620","post","type-post","status-publish","format-standard","has-post-thumbnail","hentry","category-nacionales"],"jetpack_featured_media_url":"https:\/\/atecordoba.org\/wp-content\/uploads\/2020\/05\/logo-nuevochico-e1561581322808.png","_links":{"self":[{"href":"https:\/\/atecordoba.org\/index.php?rest_route=\/wp\/v2\/posts\/6620","targetHints":{"allow":["GET"]}}],"collection":[{"href":"https:\/\/atecordoba.org\/index.php?rest_route=\/wp\/v2\/posts"}],"about":[{"href":"https:\/\/atecordoba.org\/index.php?rest_route=\/wp\/v2\/types\/post"}],"author":[{"embeddable":true,"href":"https:\/\/atecordoba.org\/index.php?rest_route=\/wp\/v2\/users\/1"}],"replies":[{"embeddable":true,"href":"https:\/\/atecordoba.org\/index.php?rest_route=%2Fwp%2Fv2%2Fcomments&post=6620"}],"version-history":[{"count":0,"href":"https:\/\/atecordoba.org\/index.php?rest_route=\/wp\/v2\/posts\/6620\/revisions"}],"wp:featuredmedia":[{"embeddable":true,"href":"https:\/\/atecordoba.org\/index.php?rest_route=\/wp\/v2\/media\/19220"}],"wp:attachment":[{"href":"https:\/\/atecordoba.org\/index.php?rest_route=%2Fwp%2Fv2%2Fmedia&parent=6620"}],"wp:term":[{"taxonomy":"category","embeddable":true,"href":"https:\/\/atecordoba.org\/index.php?rest_route=%2Fwp%2Fv2%2Fcategories&post=6620"},{"taxonomy":"post_tag","embeddable":true,"href":"https:\/\/atecordoba.org\/index.php?rest_route=%2Fwp%2Fv2%2Ftags&post=6620"}],"curies":[{"name":"wp","href":"https:\/\/api.w.org\/{rel}","templated":true}]}}