{"id":6617,"date":"2016-03-31T15:37:00","date_gmt":"2016-03-31T18:37:00","guid":{"rendered":"http:\/\/www.atecordoba.org\/?p=6617"},"modified":"2016-03-31T15:37:00","modified_gmt":"2016-03-31T18:37:00","slug":"bell-ville-reunion-informativa-con-trabajadores-del-hospital-regional","status":"publish","type":"post","link":"https:\/\/atecordoba.org\/?p=6617","title":{"rendered":"Bell Ville: reuni\u00f3n informativa con trabajadores del hospital regional"},"content":{"rendered":"<p><em>Los compa\u00f1eros, que est\u00e1n interesados en afiliarse a ATE y ven\u00edan acompa\u00f1ando las medidas de fuerza, se reunieron ayer con dirigentes de la seccional Villa Mar\u00eda para informarse sobre las\u00a0posibilidad de organizarse en nuestro gremio.<\/em><\/p>\n<p><img loading=\"lazy\" decoding=\"async\" class=\"aligncenter size-full wp-image-6618\" src=\"http:\/\/www.atecordoba.org\/wp-content\/uploads\/2016\/03\/hospital-bell-ville2-e1459449253741.jpg\" alt=\"hospital bell ville2\" width=\"550\" height=\"413\" \/>Los compa\u00f1eros de ATE de la Seccional Villa\u00a0Mar\u00eda, encabezados por el secretario Adjunto, Arnaldo Molina, el secretario de Turismo, Gustavo Vilches, y el secretario de Formaci\u00f3n del CDP, Jos\u00e9 Gorozo, estuvieron recorriendo el Hospital Regional &#8220;Jos\u00e9 Ceballos&#8221; de Bell Ville, invitados por un grupo de trabajadores que manifestaron su inter\u00e9s de organizarse en nuestro sindicato con los cuales se mantuvo una reuni\u00f3n informativa.<\/p>\n<p>Los trabajadores de la salud, alrededor de 60, expresaron sus inquietudes en torno a la lucha que est\u00e1n llevando a cabo los compa\u00f1eros de los distintos hospitales de la provincia con el objetivo de una recomposici\u00f3n salarial mejor, la lucha por acabar con la precarizaci\u00f3n laboral , condiciones de trabajo dignas y la modificaci\u00f3n sufrida en el sistema jubilatorio provincial.<\/p>\n<p>Adem\u00e1s hicieron conocer las vicisitudes que sufren a diario en sus tareas y la lucha que llevan adelante por una salud p\u00fablica mejor. Se realizo un recorrido por todas las instalaciones del nosocomio, verificando lo expresado por los compa\u00f1eros en la reuni\u00f3n informativa.<\/p>\n<p>El Hospital Regional Bell Ville es polivalente, contando con un \u00e1rea espec\u00edfica de salud mental y cuenta con 300 camas para internaci\u00f3n<\/p>\n","protected":false},"excerpt":{"rendered":"<p>Los compa\u00f1eros, que est\u00e1n interesados en afiliarse a ATE y ven\u00edan acompa\u00f1ando las medidas de fuerza, se reunieron ayer con dirigentes de la seccional Villa Mar\u00eda para informarse sobre las\u00a0posibilidad de organizarse en nuestro gremio. Los compa\u00f1eros de ATE de la Seccional Villa\u00a0Mar\u00eda, encabezados por el secretario Adjunto, Arnaldo Molina, el secretario de Turismo, Gustavo [&hellip;]<\/p>\n","protected":false},"author":1,"featured_media":19220,"comment_status":"open","ping_status":"open","sticky":false,"template":"","format":"standard","meta":{"_exactmetrics_skip_tracking":false,"_exactmetrics_sitenote_active":false,"_exactmetrics_sitenote_note":"","_exactmetrics_sitenote_category":0,"jnews-multi-image_gallery":[],"jnews_single_post":[],"jnews_primary_category":[],"jnews_social_meta":[],"jnews_review":[],"enable_review":"","type":"","name":"","summary":"","brand":"","sku":"","good":[],"bad":[],"score_override":"","override_value":"","rating":[],"price":[],"jnews_override_counter":[],"jnews_post_split":[],"footnotes":""},"categories":[7,8,14],"tags":[],"class_list":["post-6617","post","type-post","status-publish","format-standard","has-post-thumbnail","hentry","category-hospitales","category-provinciales","category-villa-maria"],"jetpack_featured_media_url":"https:\/\/atecordoba.org\/wp-content\/uploads\/2020\/05\/logo-nuevochico-e1561581322808.png","_links":{"self":[{"href":"https:\/\/atecordoba.org\/index.php?rest_route=\/wp\/v2\/posts\/6617","targetHints":{"allow":["GET"]}}],"collection":[{"href":"https:\/\/atecordoba.org\/index.php?rest_route=\/wp\/v2\/posts"}],"about":[{"href":"https:\/\/atecordoba.org\/index.php?rest_route=\/wp\/v2\/types\/post"}],"author":[{"embeddable":true,"href":"https:\/\/atecordoba.org\/index.php?rest_route=\/wp\/v2\/users\/1"}],"replies":[{"embeddable":true,"href":"https:\/\/atecordoba.org\/index.php?rest_route=%2Fwp%2Fv2%2Fcomments&post=6617"}],"version-history":[{"count":0,"href":"https:\/\/atecordoba.org\/index.php?rest_route=\/wp\/v2\/posts\/6617\/revisions"}],"wp:featuredmedia":[{"embeddable":true,"href":"https:\/\/atecordoba.org\/index.php?rest_route=\/wp\/v2\/media\/19220"}],"wp:attachment":[{"href":"https:\/\/atecordoba.org\/index.php?rest_route=%2Fwp%2Fv2%2Fmedia&parent=6617"}],"wp:term":[{"taxonomy":"category","embeddable":true,"href":"https:\/\/atecordoba.org\/index.php?rest_route=%2Fwp%2Fv2%2Fcategories&post=6617"},{"taxonomy":"post_tag","embeddable":true,"href":"https:\/\/atecordoba.org\/index.php?rest_route=%2Fwp%2Fv2%2Ftags&post=6617"}],"curies":[{"name":"wp","href":"https:\/\/api.w.org\/{rel}","templated":true}]}}