{"id":6613,"date":"2016-03-30T18:47:43","date_gmt":"2016-03-30T21:47:43","guid":{"rendered":"http:\/\/www.atecordoba.org\/?p=6613"},"modified":"2016-03-30T18:47:43","modified_gmt":"2016-03-30T21:47:43","slug":"reinstalan-a-una-delegada-de-ate-en-san-carlos-minas","status":"publish","type":"post","link":"https:\/\/atecordoba.org\/?p=6613","title":{"rendered":"Reinstalan a una delegada de ATE en San Carlos Minas"},"content":{"rendered":"<p><em>La delegada municipal sufri\u00f3 durante los \u00faltimos cuatro meses la persecuci\u00f3n del intendente Cristian Fr\u00edas, que la traslad\u00f3 de su lugar de trabajo. La justicia provincial acept\u00f3 un amparo presentado por ATE y orden\u00f3 reinstalarla.<\/em><\/p>\n<p><img loading=\"lazy\" decoding=\"async\" class=\"aligncenter size-full wp-image-6614\" src=\"http:\/\/www.atecordoba.org\/wp-content\/uploads\/2016\/03\/96c1e081-5344-438f-af94-e9ff36fbd78d-1-e1459374382125.jpg\" alt=\"96c1e081-5344-438f-af94-e9ff36fbd78d (1)\" width=\"450\" height=\"600\" \/><\/p>\n<p>La compa\u00f1era Ramona Murua es delegada de ATE y cocinera en el hospital municipal de San Carlos Minas. En diciembre pasado, cuando asumi\u00f3 el intendente Cristian Fr\u00edas, se inici\u00f3 una campa\u00f1a persecutoria en su contra traslad\u00e1ndola sucesivamente a diversos destinos en la Municipalidad, para alejarla de su lugar de trabajo, donde ejercerse la representaci\u00f3n de sus compa\u00f1eros.<\/p>\n<p>Ante esta ataque a la delegada, de car\u00e1cter eminentemente antisindical,\u00a0\u00a0ATE present\u00f3 un amparo reclamando que cese la situaci\u00f3n y que se la reinstale a la Murua. Esta semana la justicia dio la raz\u00f3n a nuestro gremio y orden\u00f3 al intendente Fr\u00edas que destine nuevamente a la delegada de ATE donde corresponde.<\/p>\n<p>De esta forma, queda claro que Fr\u00edas se encuentra inmerso en una campa\u00f1a de persecuci\u00f3n a nuestro gremio, en contra de la normativa vigente. Pero la justicia dict\u00f3 una medida\u00a0correctiva al autoritarismo del intendente.<\/p>\n","protected":false},"excerpt":{"rendered":"<p>La delegada municipal sufri\u00f3 durante los \u00faltimos cuatro meses la persecuci\u00f3n del intendente Cristian Fr\u00edas, que la traslad\u00f3 de su lugar de trabajo. La justicia provincial acept\u00f3 un amparo presentado por ATE y orden\u00f3 reinstalarla. La compa\u00f1era Ramona Murua es delegada de ATE y cocinera en el hospital municipal de San Carlos Minas. En diciembre [&hellip;]<\/p>\n","protected":false},"author":1,"featured_media":19220,"comment_status":"open","ping_status":"open","sticky":false,"template":"","format":"standard","meta":{"_exactmetrics_skip_tracking":false,"_exactmetrics_sitenote_active":false,"_exactmetrics_sitenote_note":"","_exactmetrics_sitenote_category":0,"jnews-multi-image_gallery":[],"jnews_single_post":[],"jnews_primary_category":[],"jnews_social_meta":[],"jnews_review":[],"enable_review":"","type":"","name":"","summary":"","brand":"","sku":"","good":[],"bad":[],"score_override":"","override_value":"","rating":[],"price":[],"jnews_override_counter":[],"jnews_post_split":[],"footnotes":""},"categories":[20],"tags":[],"class_list":["post-6613","post","type-post","status-publish","format-standard","has-post-thumbnail","hentry","category-municipales"],"jetpack_featured_media_url":"https:\/\/atecordoba.org\/wp-content\/uploads\/2020\/05\/logo-nuevochico-e1561581322808.png","_links":{"self":[{"href":"https:\/\/atecordoba.org\/index.php?rest_route=\/wp\/v2\/posts\/6613","targetHints":{"allow":["GET"]}}],"collection":[{"href":"https:\/\/atecordoba.org\/index.php?rest_route=\/wp\/v2\/posts"}],"about":[{"href":"https:\/\/atecordoba.org\/index.php?rest_route=\/wp\/v2\/types\/post"}],"author":[{"embeddable":true,"href":"https:\/\/atecordoba.org\/index.php?rest_route=\/wp\/v2\/users\/1"}],"replies":[{"embeddable":true,"href":"https:\/\/atecordoba.org\/index.php?rest_route=%2Fwp%2Fv2%2Fcomments&post=6613"}],"version-history":[{"count":0,"href":"https:\/\/atecordoba.org\/index.php?rest_route=\/wp\/v2\/posts\/6613\/revisions"}],"wp:featuredmedia":[{"embeddable":true,"href":"https:\/\/atecordoba.org\/index.php?rest_route=\/wp\/v2\/media\/19220"}],"wp:attachment":[{"href":"https:\/\/atecordoba.org\/index.php?rest_route=%2Fwp%2Fv2%2Fmedia&parent=6613"}],"wp:term":[{"taxonomy":"category","embeddable":true,"href":"https:\/\/atecordoba.org\/index.php?rest_route=%2Fwp%2Fv2%2Fcategories&post=6613"},{"taxonomy":"post_tag","embeddable":true,"href":"https:\/\/atecordoba.org\/index.php?rest_route=%2Fwp%2Fv2%2Ftags&post=6613"}],"curies":[{"name":"wp","href":"https:\/\/api.w.org\/{rel}","templated":true}]}}