{"id":6609,"date":"2016-03-30T17:31:07","date_gmt":"2016-03-30T20:31:07","guid":{"rendered":"http:\/\/www.atecordoba.org\/?p=6609"},"modified":"2016-03-30T17:31:07","modified_gmt":"2016-03-30T20:31:07","slug":"protesta-por-despidos-en-el-ministerio-de-trabajo-de-la-nacion","status":"publish","type":"post","link":"https:\/\/atecordoba.org\/?p=6609","title":{"rendered":"Protesta por despidos en el Ministerio de Trabajo de la naci\u00f3n"},"content":{"rendered":"<p><em>ATE convoc\u00f3 para ma\u00f1ana a una concentraci\u00f3n frente a la delegaci\u00f3n local de la cartera laboral, en calle 27 de abril, para repudiar 237 telegramas de despidos que se emitieron hoy para trabajadores del organismo en todo el pa\u00eds.\u00a0<\/em><\/p>\n<figure id=\"attachment_6610\" aria-describedby=\"caption-attachment-6610\" style=\"width: 550px\" class=\"wp-caption aligncenter\"><img loading=\"lazy\" decoding=\"async\" class=\"wp-image-6610 size-full\" src=\"http:\/\/www.atecordoba.org\/wp-content\/uploads\/2016\/03\/ministerio-de-trabajo-nacion.png\" alt=\"ministerio de trabajo nacion\" width=\"550\" height=\"412\" \/><figcaption id=\"caption-attachment-6610\" class=\"wp-caption-text\">Archivo<\/figcaption><\/figure>\n<p>Una asamblea del sector, convocada por los delegados de ATE, resolvi\u00f3 realizar ma\u00f1ana una protesta frente al Ministerio de Trabajo, debido a que se supo que el organismo emiti\u00f3 hoy 237 telegramas de despido, tanto para la delegaci\u00f3n local como\u00a0para\u00a0las delegaciones y Gerencias de empleo de Rosario, Santa Fe, Mendoza, Conurbano bonaerense y Sede Central.<\/p>\n<p>&#8220;Los despidos se fundan en el perverso decreto\u00a0254\/2015 donde se\u00a0puso en tela de juicio nuestra calidad de trabajadores del Estado. Deben reincorporarse todos los despedidos. En caso de no obtener en lo inmediato respuesta afirmativa a nuestro pedido, profundizaremos las acciones en defensa de la estabilidad de los compa\u00f1eros cesanteados&#8221;, dijeron los delegados de ATE del sector.<\/p>\n<p>Asimismo expresaron\u00a0el\u00a0m\u00e1ximo repudio y rechazo &#8220;a las pol\u00edticas de vaciamiento y desmantelamiento del Estado\u00a0 que el gobierno nacional viene llevando a cabo, nos solidarizamos con la masa de trabajadores estatales despedidos desde diciembre \u00faltimo tanto en el \u00e1mbito p\u00fablico como privado y reclamamos la solidaridad de toda la clase trabajadora para frenar esta pol\u00edtica de pauperizaci\u00f3n de nuestro pueblo&#8221;.<\/p>\n<p>&nbsp;<\/p>\n","protected":false},"excerpt":{"rendered":"<p>ATE convoc\u00f3 para ma\u00f1ana a una concentraci\u00f3n frente a la delegaci\u00f3n local de la cartera laboral, en calle 27 de abril, para repudiar 237 telegramas de despidos que se emitieron hoy para trabajadores del organismo en todo el pa\u00eds.\u00a0 Una asamblea del sector, convocada por los delegados de ATE, resolvi\u00f3 realizar ma\u00f1ana una protesta frente [&hellip;]<\/p>\n","protected":false},"author":1,"featured_media":19220,"comment_status":"open","ping_status":"open","sticky":false,"template":"","format":"standard","meta":{"_exactmetrics_skip_tracking":false,"_exactmetrics_sitenote_active":false,"_exactmetrics_sitenote_note":"","_exactmetrics_sitenote_category":0,"jnews-multi-image_gallery":[],"jnews_single_post":[],"jnews_primary_category":[],"jnews_social_meta":[],"jnews_review":[],"enable_review":"","type":"","name":"","summary":"","brand":"","sku":"","good":[],"bad":[],"score_override":"","override_value":"","rating":[],"price":[],"jnews_override_counter":[],"jnews_post_split":[],"footnotes":""},"categories":[107,18],"tags":[],"class_list":["post-6609","post","type-post","status-publish","format-standard","has-post-thumbnail","hentry","category-ministerio-de-trabajo","category-nacionales"],"jetpack_featured_media_url":"https:\/\/atecordoba.org\/wp-content\/uploads\/2020\/05\/logo-nuevochico-e1561581322808.png","_links":{"self":[{"href":"https:\/\/atecordoba.org\/index.php?rest_route=\/wp\/v2\/posts\/6609","targetHints":{"allow":["GET"]}}],"collection":[{"href":"https:\/\/atecordoba.org\/index.php?rest_route=\/wp\/v2\/posts"}],"about":[{"href":"https:\/\/atecordoba.org\/index.php?rest_route=\/wp\/v2\/types\/post"}],"author":[{"embeddable":true,"href":"https:\/\/atecordoba.org\/index.php?rest_route=\/wp\/v2\/users\/1"}],"replies":[{"embeddable":true,"href":"https:\/\/atecordoba.org\/index.php?rest_route=%2Fwp%2Fv2%2Fcomments&post=6609"}],"version-history":[{"count":0,"href":"https:\/\/atecordoba.org\/index.php?rest_route=\/wp\/v2\/posts\/6609\/revisions"}],"wp:featuredmedia":[{"embeddable":true,"href":"https:\/\/atecordoba.org\/index.php?rest_route=\/wp\/v2\/media\/19220"}],"wp:attachment":[{"href":"https:\/\/atecordoba.org\/index.php?rest_route=%2Fwp%2Fv2%2Fmedia&parent=6609"}],"wp:term":[{"taxonomy":"category","embeddable":true,"href":"https:\/\/atecordoba.org\/index.php?rest_route=%2Fwp%2Fv2%2Fcategories&post=6609"},{"taxonomy":"post_tag","embeddable":true,"href":"https:\/\/atecordoba.org\/index.php?rest_route=%2Fwp%2Fv2%2Ftags&post=6609"}],"curies":[{"name":"wp","href":"https:\/\/api.w.org\/{rel}","templated":true}]}}