{"id":6606,"date":"2016-03-30T16:43:34","date_gmt":"2016-03-30T19:43:34","guid":{"rendered":"http:\/\/www.atecordoba.org\/?p=6606"},"modified":"2016-03-30T16:43:34","modified_gmt":"2016-03-30T19:43:34","slug":"salsacate-avance-en-la-negociacion-salarial-de-los-municipales","status":"publish","type":"post","link":"https:\/\/atecordoba.org\/?p=6606","title":{"rendered":"Salsacate: avance en la negociaci\u00f3n salarial de los municipales"},"content":{"rendered":"<p><em>En una audiencia dispuesta por el intendente Jos\u00e9 Figueroa, ATE plante\u00f3 la necesidad de que los trabajadores reciban una recomposici\u00f3n en el b\u00e1sico salarial. <\/em><\/p>\n<figure id=\"attachment_6607\" aria-describedby=\"caption-attachment-6607\" style=\"width: 550px\" class=\"wp-caption aligncenter\"><img loading=\"lazy\" decoding=\"async\" class=\"wp-image-6607 size-full\" src=\"http:\/\/www.atecordoba.org\/wp-content\/uploads\/2016\/03\/8ae431a0-716e-48ed-93cd-322073da9814-1-e1459366370515.jpg\" alt=\"8ae431a0-716e-48ed-93cd-322073da9814 (1)\" width=\"550\" height=\"309\" \/><figcaption id=\"caption-attachment-6607\" class=\"wp-caption-text\">El secretario de Interior Alejandro Mur\u00faa (verde), junto al intendente Jos\u00e9 Figueroa (rojo).<\/figcaption><\/figure>\n<p>En la oportunidad estuvo presente el secretario de Interior del CDP, Alejandro Murua, junto a los delegados municipales Yamila Barro y Jos\u00e9 P\u00e9rez. El intendente Figueroa se comprometi\u00f3 a llevar a cabo la recomposici\u00f3n salarial planteada para el mes de junio, plazo que solicit\u00f3 para poder calzar financieramente el incremento de la masa salarial municipal.<\/p>\n<p>Al mismo tiempo, Figueroa adelant\u00f3 que la semana que viene resolver\u00e1 otorgar una ayuda econ\u00f3mica a los trabajadores para compensar la escalada inflacionaria que viene golpeando duramente el poder adquisitivo de los haberes.<\/p>\n<p>Al salir de la reuni\u00f3n, Murua estim\u00f3 como positiva la audiencia dados los compromisos obtenidos y asegur\u00f3 que ATE est\u00e1 organizando a los trabajadores para que sean las asambleas quienes determinen los pasos a seguir, en funci\u00f3n de la voluntad pol\u00edtica del intendente de mejorar los salarios del sector.<\/p>\n<p>&nbsp;<\/p>\n","protected":false},"excerpt":{"rendered":"<p>En una audiencia dispuesta por el intendente Jos\u00e9 Figueroa, ATE plante\u00f3 la necesidad de que los trabajadores reciban una recomposici\u00f3n en el b\u00e1sico salarial. En la oportunidad estuvo presente el secretario de Interior del CDP, Alejandro Murua, junto a los delegados municipales Yamila Barro y Jos\u00e9 P\u00e9rez. El intendente Figueroa se comprometi\u00f3 a llevar a [&hellip;]<\/p>\n","protected":false},"author":1,"featured_media":19220,"comment_status":"open","ping_status":"open","sticky":false,"template":"","format":"standard","meta":{"_exactmetrics_skip_tracking":false,"_exactmetrics_sitenote_active":false,"_exactmetrics_sitenote_note":"","_exactmetrics_sitenote_category":0,"jnews-multi-image_gallery":[],"jnews_single_post":[],"jnews_primary_category":[],"jnews_social_meta":[],"jnews_review":[],"enable_review":"","type":"","name":"","summary":"","brand":"","sku":"","good":[],"bad":[],"score_override":"","override_value":"","rating":[],"price":[],"jnews_override_counter":[],"jnews_post_split":[],"footnotes":""},"categories":[20],"tags":[],"class_list":["post-6606","post","type-post","status-publish","format-standard","has-post-thumbnail","hentry","category-municipales"],"jetpack_featured_media_url":"https:\/\/atecordoba.org\/wp-content\/uploads\/2020\/05\/logo-nuevochico-e1561581322808.png","_links":{"self":[{"href":"https:\/\/atecordoba.org\/index.php?rest_route=\/wp\/v2\/posts\/6606","targetHints":{"allow":["GET"]}}],"collection":[{"href":"https:\/\/atecordoba.org\/index.php?rest_route=\/wp\/v2\/posts"}],"about":[{"href":"https:\/\/atecordoba.org\/index.php?rest_route=\/wp\/v2\/types\/post"}],"author":[{"embeddable":true,"href":"https:\/\/atecordoba.org\/index.php?rest_route=\/wp\/v2\/users\/1"}],"replies":[{"embeddable":true,"href":"https:\/\/atecordoba.org\/index.php?rest_route=%2Fwp%2Fv2%2Fcomments&post=6606"}],"version-history":[{"count":0,"href":"https:\/\/atecordoba.org\/index.php?rest_route=\/wp\/v2\/posts\/6606\/revisions"}],"wp:featuredmedia":[{"embeddable":true,"href":"https:\/\/atecordoba.org\/index.php?rest_route=\/wp\/v2\/media\/19220"}],"wp:attachment":[{"href":"https:\/\/atecordoba.org\/index.php?rest_route=%2Fwp%2Fv2%2Fmedia&parent=6606"}],"wp:term":[{"taxonomy":"category","embeddable":true,"href":"https:\/\/atecordoba.org\/index.php?rest_route=%2Fwp%2Fv2%2Fcategories&post=6606"},{"taxonomy":"post_tag","embeddable":true,"href":"https:\/\/atecordoba.org\/index.php?rest_route=%2Fwp%2Fv2%2Ftags&post=6606"}],"curies":[{"name":"wp","href":"https:\/\/api.w.org\/{rel}","templated":true}]}}