{"id":6599,"date":"2016-03-29T19:52:52","date_gmt":"2016-03-29T22:52:52","guid":{"rendered":"http:\/\/www.atecordoba.org\/?p=6599"},"modified":"2016-03-29T19:52:52","modified_gmt":"2016-03-29T22:52:52","slug":"jornada-de-protesta-de-la-cta-trabajadores-de-la-salud-se-movilizaron-al-panal","status":"publish","type":"post","link":"https:\/\/atecordoba.org\/?p=6599","title":{"rendered":"Jornada de protesta de la CTA: trabajadores de la salud se movilizaron al Panal"},"content":{"rendered":"<p><em>En el marco de la medida de fuerza resuelta para hoy por la Central, compa\u00f1eros de los hospitales provinciales realizaron un corte de calle en el Polo Sanitario y despu\u00e9s marcharon a Casa de Gobierno.<\/em><\/p>\n<p><img loading=\"lazy\" decoding=\"async\" class=\"aligncenter size-full wp-image-6600\" src=\"http:\/\/www.atecordoba.org\/wp-content\/uploads\/2016\/03\/bcfabd96-7434-4bca-81b7-75a484977e89-e1459291668322.jpg\" alt=\"bcfabd96-7434-4bca-81b7-75a484977e89\" width=\"550\" height=\"412\" \/><\/p>\n<p>La protesta se enmarca en el plan de lucha que ATE viene desarrollando a nivel provincial, en reclamo de la apertura de una mesa de discusi\u00f3n salarial. Nuestro gremio rechaz\u00f3 la pauta salarial oficial por insuficiente y ya le plante\u00f3 al ministro de Salud que la recomposici\u00f3n debe ser superior al exiguo 25% que otorg\u00f3 el gobierno en acuerdo con otros gremios.<\/p>\n<p>As\u00ed, a media ma\u00f1ana, un millar de trabajadores ser concentraron en el Polo Sanitario para posteriormente movilizarse a Casa de gobierno para reclamar salarios dignos. En la oportunidad estuvieron presentes el secretario Adjunto del CDP, Luis Barcena, el Gremial, Diego Guerra, el Progremial, Francisco Pavan, de Prensa, Daniel Pawluchuzk, entre otros dirigentes de nuestro gremio.<\/p>\n<p><img loading=\"lazy\" decoding=\"async\" class=\"aligncenter size-full wp-image-6601\" src=\"http:\/\/www.atecordoba.org\/wp-content\/uploads\/2016\/03\/CAM07718-e1459291781777.jpg\" alt=\"CAM07718\" width=\"550\" height=\"413\" \/><\/p>\n<p>Finalizada la marcha, el cuerpo de delegados de ATE se reuni\u00f3 en plenario en nuestra sede y resolvi\u00f3 continuar el plan de lucha.<\/p>\n<p>&nbsp;<\/p>\n","protected":false},"excerpt":{"rendered":"<p>En el marco de la medida de fuerza resuelta para hoy por la Central, compa\u00f1eros de los hospitales provinciales realizaron un corte de calle en el Polo Sanitario y despu\u00e9s marcharon a Casa de Gobierno. La protesta se enmarca en el plan de lucha que ATE viene desarrollando a nivel provincial, en reclamo de la [&hellip;]<\/p>\n","protected":false},"author":1,"featured_media":19220,"comment_status":"open","ping_status":"open","sticky":false,"template":"","format":"standard","meta":{"_exactmetrics_skip_tracking":false,"_exactmetrics_sitenote_active":false,"_exactmetrics_sitenote_note":"","_exactmetrics_sitenote_category":0,"jnews-multi-image_gallery":[],"jnews_single_post":[],"jnews_primary_category":[],"jnews_social_meta":[],"jnews_review":[],"enable_review":"","type":"","name":"","summary":"","brand":"","sku":"","good":[],"bad":[],"score_override":"","override_value":"","rating":[],"price":[],"jnews_override_counter":[],"jnews_post_split":[],"footnotes":""},"categories":[92,7,8],"tags":[],"class_list":["post-6599","post","type-post","status-publish","format-standard","has-post-thumbnail","hentry","category-cta","category-hospitales","category-provinciales"],"jetpack_featured_media_url":"https:\/\/atecordoba.org\/wp-content\/uploads\/2020\/05\/logo-nuevochico-e1561581322808.png","_links":{"self":[{"href":"https:\/\/atecordoba.org\/index.php?rest_route=\/wp\/v2\/posts\/6599","targetHints":{"allow":["GET"]}}],"collection":[{"href":"https:\/\/atecordoba.org\/index.php?rest_route=\/wp\/v2\/posts"}],"about":[{"href":"https:\/\/atecordoba.org\/index.php?rest_route=\/wp\/v2\/types\/post"}],"author":[{"embeddable":true,"href":"https:\/\/atecordoba.org\/index.php?rest_route=\/wp\/v2\/users\/1"}],"replies":[{"embeddable":true,"href":"https:\/\/atecordoba.org\/index.php?rest_route=%2Fwp%2Fv2%2Fcomments&post=6599"}],"version-history":[{"count":0,"href":"https:\/\/atecordoba.org\/index.php?rest_route=\/wp\/v2\/posts\/6599\/revisions"}],"wp:featuredmedia":[{"embeddable":true,"href":"https:\/\/atecordoba.org\/index.php?rest_route=\/wp\/v2\/media\/19220"}],"wp:attachment":[{"href":"https:\/\/atecordoba.org\/index.php?rest_route=%2Fwp%2Fv2%2Fmedia&parent=6599"}],"wp:term":[{"taxonomy":"category","embeddable":true,"href":"https:\/\/atecordoba.org\/index.php?rest_route=%2Fwp%2Fv2%2Fcategories&post=6599"},{"taxonomy":"post_tag","embeddable":true,"href":"https:\/\/atecordoba.org\/index.php?rest_route=%2Fwp%2Fv2%2Ftags&post=6599"}],"curies":[{"name":"wp","href":"https:\/\/api.w.org\/{rel}","templated":true}]}}