{"id":6594,"date":"2016-03-29T15:35:00","date_gmt":"2016-03-29T18:35:00","guid":{"rendered":"http:\/\/www.atecordoba.org\/?p=6594"},"modified":"2016-03-29T15:35:00","modified_gmt":"2016-03-29T18:35:00","slug":"ate-y-la-cta-participaron-de-la-multitudinaria-movilizacion-del-24-de-marzo","status":"publish","type":"post","link":"https:\/\/atecordoba.org\/?p=6594","title":{"rendered":"ATE particip\u00f3 de la multitudinaria movilizaci\u00f3n del 24 de marzo"},"content":{"rendered":"<p><em>Dirigentes, delegados y activistas de ATE dieron presente en la 40\u00ba marcha en conmemoraci\u00f3n del golpe de Estado que dio inicio a la dictadura c\u00edvico-militar genocida que desapareci\u00f3 a 30 mil compa\u00f1eros y destroz\u00f3 el entramado econ\u00f3mico social argentino.<\/em><\/p>\n<p><img loading=\"lazy\" decoding=\"async\" class=\"aligncenter size-full wp-image-6595\" src=\"http:\/\/www.atecordoba.org\/wp-content\/uploads\/2016\/03\/IMG-20160327-WA0001-e1459275533871.jpg\" alt=\"IMG-20160327-WA0001\" width=\"550\" height=\"309\" \/><\/p>\n<p>Se trat\u00f3 de la m\u00e1s importante movilizaci\u00f3n un 24 de marzo que se tenga memoria en C\u00f3rdoba desde el regreso de la democracia. Se contabilizaron m\u00e1s de 50 mil compa\u00f1eros que marcharon al grito de memoria, verdad y justicia, dando cuenta de la vigencia del reclamo popular y dejando expresamente acentado en un claro mensaje al gobierno nacional que no se aceptar\u00e1 ning\u00fan retroceso en los procesos judiciales contra los cr\u00edmenes de lesa humanidad.<\/p>\n<p>En la oportunidad, estuvieron presentes el secretario Adjunto del Consejo Directivo Provincial, Luis Barcena, el secretario de Organizaci\u00f3n, V\u00edctor Lecuona, el Progremial, Francisco Pavan, y lo vocales Eduardo Pereyra, Mart\u00edn Stibel y Santiago Belizan, entre otros.\u00a0Junto a ellos estuvieron los dirigentes nacionales Mar\u00eda Teresa Romero, secretaria de Formaci\u00f3n del Consejo Directivo Nacional, y Oscar Mengarelli, del Centro de Jubilados Nacional de ATE.<\/p>\n<p><img loading=\"lazy\" decoding=\"async\" class=\"aligncenter size-full wp-image-6596\" src=\"http:\/\/www.atecordoba.org\/wp-content\/uploads\/2016\/03\/IMG-20160327-WA0009-e1459276472917.jpg\" alt=\"IMG-20160327-WA0009\" width=\"550\" height=\"309\" \/><\/p>\n<p>ATE march\u00f3 junto a compa\u00f1eros de la CTA y distintas organizaciones hermanas con quienes compartimos la construcci\u00f3n de la Central, tal como el Cispren y los taxistas del Sipetaco.<\/p>\n<p>&nbsp;<\/p>\n","protected":false},"excerpt":{"rendered":"<p>Dirigentes, delegados y activistas de ATE dieron presente en la 40\u00ba marcha en conmemoraci\u00f3n del golpe de Estado que dio inicio a la dictadura c\u00edvico-militar genocida que desapareci\u00f3 a 30 mil compa\u00f1eros y destroz\u00f3 el entramado econ\u00f3mico social argentino. Se trat\u00f3 de la m\u00e1s importante movilizaci\u00f3n un 24 de marzo que se tenga memoria en [&hellip;]<\/p>\n","protected":false},"author":1,"featured_media":19220,"comment_status":"open","ping_status":"open","sticky":false,"template":"","format":"standard","meta":{"_exactmetrics_skip_tracking":false,"_exactmetrics_sitenote_active":false,"_exactmetrics_sitenote_note":"","_exactmetrics_sitenote_category":0,"jnews-multi-image_gallery":[],"jnews_single_post":[],"jnews_primary_category":[],"jnews_social_meta":[],"jnews_review":[],"enable_review":"","type":"","name":"","summary":"","brand":"","sku":"","good":[],"bad":[],"score_override":"","override_value":"","rating":[],"price":[],"jnews_override_counter":[],"jnews_post_split":[],"footnotes":""},"categories":[1],"tags":[],"class_list":["post-6594","post","type-post","status-publish","format-standard","has-post-thumbnail","hentry","category-sin-categoria"],"jetpack_featured_media_url":"https:\/\/atecordoba.org\/wp-content\/uploads\/2020\/05\/logo-nuevochico-e1561581322808.png","_links":{"self":[{"href":"https:\/\/atecordoba.org\/index.php?rest_route=\/wp\/v2\/posts\/6594","targetHints":{"allow":["GET"]}}],"collection":[{"href":"https:\/\/atecordoba.org\/index.php?rest_route=\/wp\/v2\/posts"}],"about":[{"href":"https:\/\/atecordoba.org\/index.php?rest_route=\/wp\/v2\/types\/post"}],"author":[{"embeddable":true,"href":"https:\/\/atecordoba.org\/index.php?rest_route=\/wp\/v2\/users\/1"}],"replies":[{"embeddable":true,"href":"https:\/\/atecordoba.org\/index.php?rest_route=%2Fwp%2Fv2%2Fcomments&post=6594"}],"version-history":[{"count":0,"href":"https:\/\/atecordoba.org\/index.php?rest_route=\/wp\/v2\/posts\/6594\/revisions"}],"wp:featuredmedia":[{"embeddable":true,"href":"https:\/\/atecordoba.org\/index.php?rest_route=\/wp\/v2\/media\/19220"}],"wp:attachment":[{"href":"https:\/\/atecordoba.org\/index.php?rest_route=%2Fwp%2Fv2%2Fmedia&parent=6594"}],"wp:term":[{"taxonomy":"category","embeddable":true,"href":"https:\/\/atecordoba.org\/index.php?rest_route=%2Fwp%2Fv2%2Fcategories&post=6594"},{"taxonomy":"post_tag","embeddable":true,"href":"https:\/\/atecordoba.org\/index.php?rest_route=%2Fwp%2Fv2%2Ftags&post=6594"}],"curies":[{"name":"wp","href":"https:\/\/api.w.org\/{rel}","templated":true}]}}