{"id":6586,"date":"2016-03-23T19:10:21","date_gmt":"2016-03-23T22:10:21","guid":{"rendered":"http:\/\/www.atecordoba.org\/?p=6586"},"modified":"2020-06-09T16:54:42","modified_gmt":"2020-06-09T19:54:42","slug":"rio-cuarto-acuerdos-salariales-en-los-municipios-de-achiras-y-del-campillo","status":"publish","type":"post","link":"https:\/\/atecordoba.org\/?p=6586","title":{"rendered":"R\u00edo Cuarto: acuerdos salariales en los municipios de Achiras y Del Campillo"},"content":{"rendered":"<p><em>La seccional acord\u00f3 recomposiciones salariales para los trabajadores con los intendentes de ambas localidades, rubricadas por acta-acuerdo.<\/em><\/p>\n<p><img loading=\"lazy\" decoding=\"async\" class=\"aligncenter size-full wp-image-6587\" src=\"http:\/\/atecordoba.org\/wp-content\/uploads\/2020\/06\/avalos-intendente-del-campillo.jpg\" alt=\"avalos-intendente del campillo\" width=\"500\" height=\"281\" \/><\/p>\n<p>El pasado\u00a0lunes 21 de Marzo el secretario General de ATE R\u00edo Cuarto, Walter \u00c1valos, junto a secretario de Organizaci\u00f3n, Pablo Pavetto, viajaron a la localidad de Del Campillo ubicada a 166 Km de R\u00edo Cuarto hacia el sur de la Provincia de C\u00f3rdoba, con el objetivo de tener una audiencia con el Intendente, Rodrigo Gonz\u00e1lez.<\/p>\n<p>En la oportunidad, la seccional logr\u00f3 un incremento salarial del 33% hasta julio, con una cl\u00e1usula de reapertura de la discusi\u00f3n salarial, para reabrir las paritarias, en\u00a0la segunda mitad del a\u00f1o. Luego se recorrieron dependencias municipales para dialogar con los trabajadores de all\u00ed e informarles el logro obtenido.<\/p>\n<p><strong>Aumento del 40% en Achiras<\/strong><\/p>\n<p>A su vez,\u00a0en la localidad de Achiras el municipio a trav\u00e9s de un acta acuerdo se comprometi\u00f3 a otorgar un aumento de un total del 40% escalonado hasta el mes de Octubre del presente a\u00f1o. El acuerdo paritario dura un a\u00f1o desde su firma.<\/p>\n<p><img loading=\"lazy\" decoding=\"async\" class=\"aligncenter size-full wp-image-6589\" src=\"http:\/\/atecordoba.org\/wp-content\/uploads\/2020\/06\/secc-rio-cuarto-acta-acuerdo-achiras-e1458770989635.jpg\" alt=\"secc rio cuarto-acta acuerdo achiras\" width=\"550\" height=\"413\" \/><\/p>\n<p>&nbsp;<\/p>\n<p>El aumento ser\u00e1 distribuido:\u00a015% a liquidar en marzo 2016, una suma no remunerativa equivalente al 10% del salario b\u00e1sico a abonarse por \u00fanica vez en el mes de Junio 2016 -pago no deber\u00e1 tenerse en cuenta en el c\u00e1lculo de SAC, horas extras, aportes, vacaciones, etc-, un 15% en el mes de octubre del corriente a\u00f1o.<\/p>\n<p><img loading=\"lazy\" decoding=\"async\" class=\"aligncenter size-full wp-image-6588\" src=\"http:\/\/atecordoba.org\/wp-content\/uploads\/2020\/06\/secc-rio-cuarto-acta-acuerdo-achiras2-e1458770967786.jpg\" alt=\"secc rio cuarto-acta acuerdo achiras2\" width=\"550\" height=\"412\" \/><\/p>\n<p>Vale se\u00f1alar que para el c\u00e1lculo de los aumentos a liquidarse en los meses de julio y octubre no deber\u00e1 tenerse en cuenta la suma no remunerativa percibida en Junio. En tanto, en Abril se har\u00e1 entrega de la muda de ropa correspondiente al per\u00edodo invernal, mientras que la de verano se dar\u00e1 en octubre.<\/p>\n<p>Por otro lado en Abril las partes se volver\u00e1n a encontrar para analizar un posible porcentaje a otorgarse en el trabajo t\u00e9cnico y se har\u00e1 part\u00edcipe a ATE en la confecci\u00f3n del Estatuto de Trabajadores Municipales de Achiras. El acta fue firmada por el Intendente Jorge Otamendi y el delegado de ATE en el municipio Rodrigo Olgu\u00edn.<\/p>\n","protected":false},"excerpt":{"rendered":"<p>La seccional acord\u00f3 recomposiciones salariales para los trabajadores con los intendentes de ambas localidades, rubricadas por acta-acuerdo. El pasado\u00a0lunes 21 de Marzo el secretario General de ATE R\u00edo Cuarto, Walter \u00c1valos, junto a secretario de Organizaci\u00f3n, Pablo Pavetto, viajaron a la localidad de Del Campillo ubicada a 166 Km de R\u00edo Cuarto hacia el sur [&hellip;]<\/p>\n","protected":false},"author":1,"featured_media":19220,"comment_status":"open","ping_status":"open","sticky":false,"template":"","format":"standard","meta":{"_exactmetrics_skip_tracking":false,"_exactmetrics_sitenote_active":false,"_exactmetrics_sitenote_note":"","_exactmetrics_sitenote_category":0,"jnews-multi-image_gallery":[],"jnews_single_post":[],"jnews_primary_category":[],"jnews_social_meta":[],"jnews_review":[],"enable_review":"","type":"","name":"","summary":"","brand":"","sku":"","good":[],"bad":[],"score_override":"","override_value":"","rating":[],"price":[],"jnews_override_counter":[],"jnews_post_split":[],"footnotes":""},"categories":[20,12,34],"tags":[],"class_list":["post-6586","post","type-post","status-publish","format-standard","has-post-thumbnail","hentry","category-municipales","category-rio-cuarto","category-seccionales"],"jetpack_featured_media_url":"https:\/\/atecordoba.org\/wp-content\/uploads\/2020\/05\/logo-nuevochico-e1561581322808.png","_links":{"self":[{"href":"https:\/\/atecordoba.org\/index.php?rest_route=\/wp\/v2\/posts\/6586","targetHints":{"allow":["GET"]}}],"collection":[{"href":"https:\/\/atecordoba.org\/index.php?rest_route=\/wp\/v2\/posts"}],"about":[{"href":"https:\/\/atecordoba.org\/index.php?rest_route=\/wp\/v2\/types\/post"}],"author":[{"embeddable":true,"href":"https:\/\/atecordoba.org\/index.php?rest_route=\/wp\/v2\/users\/1"}],"replies":[{"embeddable":true,"href":"https:\/\/atecordoba.org\/index.php?rest_route=%2Fwp%2Fv2%2Fcomments&post=6586"}],"version-history":[{"count":1,"href":"https:\/\/atecordoba.org\/index.php?rest_route=\/wp\/v2\/posts\/6586\/revisions"}],"predecessor-version":[{"id":20115,"href":"https:\/\/atecordoba.org\/index.php?rest_route=\/wp\/v2\/posts\/6586\/revisions\/20115"}],"wp:featuredmedia":[{"embeddable":true,"href":"https:\/\/atecordoba.org\/index.php?rest_route=\/wp\/v2\/media\/19220"}],"wp:attachment":[{"href":"https:\/\/atecordoba.org\/index.php?rest_route=%2Fwp%2Fv2%2Fmedia&parent=6586"}],"wp:term":[{"taxonomy":"category","embeddable":true,"href":"https:\/\/atecordoba.org\/index.php?rest_route=%2Fwp%2Fv2%2Fcategories&post=6586"},{"taxonomy":"post_tag","embeddable":true,"href":"https:\/\/atecordoba.org\/index.php?rest_route=%2Fwp%2Fv2%2Ftags&post=6586"}],"curies":[{"name":"wp","href":"https:\/\/api.w.org\/{rel}","templated":true}]}}