{"id":6564,"date":"2016-03-23T18:28:48","date_gmt":"2016-03-23T21:28:48","guid":{"rendered":"http:\/\/www.atecordoba.org\/?p=6564"},"modified":"2016-03-23T18:28:48","modified_gmt":"2016-03-23T21:28:48","slug":"alto-acatamiento-al-paro-provincial-de-ate","status":"publish","type":"post","link":"https:\/\/atecordoba.org\/?p=6564","title":{"rendered":"Alto acatamiento al paro provincial de ATE"},"content":{"rendered":"<p><em>La medida de fuerza se impuso en todo el sistema hospitalario provincial. Mientras el gobierno no d\u00e9 respuestas, los trabajadores seguimos luchando por salarios dignos. Fuerte impacto del paro en el Ministerio de Educaci\u00f3n.<\/em><\/p>\n<p><img loading=\"lazy\" decoding=\"async\" class=\"aligncenter size-full wp-image-6565\" src=\"http:\/\/www.atecordoba.org\/wp-content\/uploads\/2016\/03\/fde81c5d-0783-4457-a7f8-4360df2d2966-e1458767406414.jpg\" alt=\"fde81c5d-0783-4457-a7f8-4360df2d2966\" width=\"550\" height=\"309\" \/><\/p>\n<p>El paro provincial convocado por ATE hoy tuvo alto acatamiento en todos los sectores donde nuestro gremio cuenta con representaci\u00f3n gremial. Los distintos hospitales provinciales se expresaron de manera contundente en rechazo de la pauta oficial que otorg\u00f3 el gobierno de Schiaretti, por insuficiente en relaci\u00f3n con la p\u00e9rdida de capacidad adquisitiva que los trabajadores sufrimos el a\u00f1o pasado y la fuerte escalada inflacionaria del \u00faltimo trimestre.<\/p>\n<p><img loading=\"lazy\" decoding=\"async\" class=\"aligncenter size-full wp-image-6566\" src=\"http:\/\/www.atecordoba.org\/wp-content\/uploads\/2016\/03\/9745da39-87f7-4ab3-a59d-7a2879f0059a-e1458767466325.jpg\" alt=\"9745da39-87f7-4ab3-a59d-7a2879f0059a\" width=\"550\" height=\"413\" \/><\/p>\n<p>ATE viene reclamando que el gobierno realice una oferta salarial superadora a la vigente. Ayer se realiz\u00f3 una reuni\u00f3n con el ministro Francisco Fortuna, dando muestras de voluntad de di\u00e1logo de parte de la cartera de salud pero sin resultado positivo en cuanto a los reclamos planteados.<\/p>\n<p><img loading=\"lazy\" decoding=\"async\" class=\"aligncenter size-full wp-image-6567\" src=\"http:\/\/www.atecordoba.org\/wp-content\/uploads\/2016\/03\/3b079ca6-0c16-4eeb-9ef3-164e58e5aec3-e1458767539242.jpg\" alt=\"3b079ca6-0c16-4eeb-9ef3-164e58e5aec3\" width=\"550\" height=\"412\" \/><\/p>\n<p>En consecuencia hoy el plan de lucha se mantuvo con firmeza. Los trabajadores realizaron distintas medidas de protesta: cortes de calle frente a los lugares de trabajo, ollas populares, marchas de las antorchas y mantuvieron las instituciones paralizadas de forma absoluta. Los hospitales s\u00f3lo atendieron las guardias m\u00ednimas y las urgencias, conforme lo establece la ley vigente.<\/p>\n<p><img loading=\"lazy\" decoding=\"async\" class=\"aligncenter size-full wp-image-6568\" src=\"http:\/\/www.atecordoba.org\/wp-content\/uploads\/2016\/03\/8e98cc9e-4f2c-416e-91a6-0b6462ec21e8-e1458767573991.jpg\" alt=\"8e98cc9e-4f2c-416e-91a6-0b6462ec21e8\" width=\"550\" height=\"412\" \/><\/p>\n<p>En el polo sanitario, los trabajadores del Hospital de Ni\u00f1os, del Nuevo San Roque, Oncol\u00f3gico y Rawson se manifestaron masivamente.<\/p>\n<p><img loading=\"lazy\" decoding=\"async\" class=\"aligncenter size-full wp-image-6569\" src=\"http:\/\/www.atecordoba.org\/wp-content\/uploads\/2016\/03\/63cc878f-2af8-4c90-8b6d-667daf3724e5-e1458767608612.jpg\" alt=\"63cc878f-2af8-4c90-8b6d-667daf3724e5\" width=\"550\" height=\"309\" \/><\/p>\n<p>De igual manera, en el Hospital Neonatal anoche se realiz\u00f3 una marcha de las antorchas desde el centro de salud hasta la rotonda de hipermercado Libertad. Por la ma\u00f1ana, organizaron una mateada abierta a donde se acercaron trabajadores y pacientes.<\/p>\n<p><img loading=\"lazy\" decoding=\"async\" class=\"aligncenter size-full wp-image-6570\" src=\"http:\/\/www.atecordoba.org\/wp-content\/uploads\/2016\/03\/0f39c3c8-b83a-4e94-b1e4-20d7d8eb884a-e1458767640229.jpg\" alt=\"0f39c3c8-b83a-4e94-b1e4-20d7d8eb884a\" width=\"550\" height=\"412\" \/><\/p>\n<p>En el Tr\u00e1nsito C\u00e1ceres de Allende los compa\u00f1eros realizaron una olla popular en el predio de ingreso al hospital y posteriormente cortaron la calle durante una hora.<\/p>\n<p><img loading=\"lazy\" decoding=\"async\" class=\"aligncenter size-full wp-image-6571\" src=\"http:\/\/www.atecordoba.org\/wp-content\/uploads\/2016\/03\/8682dc61-628f-41bf-bcac-1202158885dc-e1458767740697.jpg\" alt=\"8682dc61-628f-41bf-bcac-1202158885dc\" width=\"550\" height=\"413\" \/><\/p>\n<p>Tambi\u00e9n se manifestaron los trabajadores del Hospital C\u00f3rdoba y los del Hospital Misericordia. Asimismo, adhirieron al paro los trabajadores de la manzana psiqui\u00e1trica, que incluyen al Ipad, la Casa del Joven y el Hospital Neuropsiqui\u00e1trico, y expresaron el reclamo salarial en el marco de una actividad conmemorativa por el 24 de marzo.<\/p>\n<p><img loading=\"lazy\" decoding=\"async\" class=\"aligncenter size-full wp-image-6580\" src=\"http:\/\/www.atecordoba.org\/wp-content\/uploads\/2016\/03\/9a3cd9fd-bc6e-4239-afab-999602ad5870-e1458768866678.jpg\" alt=\"9a3cd9fd-bc6e-4239-afab-999602ad5870\" width=\"550\" height=\"413\" \/><\/p>\n<p>&nbsp;<\/p>\n<p>Por su parte, en el hospital Florencio Diaz los trabajadores adhirieron a la medida de fuerza. Ayer se notific\u00f3 a la direcci\u00f3n del nosocomio la designaci\u00f3n de delegados normalizadores de ATE, dando cuenta del crecimiento organizativo de de nuestro\u00a0gremio en el sector salud.<img loading=\"lazy\" decoding=\"async\" class=\" wp-image-6573 aligncenter\" src=\"http:\/\/www.atecordoba.org\/wp-content\/uploads\/2016\/03\/14d78afd-c236-4222-ab79-72b7e9aaa333-e1458768284400.jpg\" alt=\"14d78afd-c236-4222-ab79-72b7e9aaa333\" width=\"377\" height=\"504\" \/><\/p>\n<p>En el interior, el paro se hizo sentir en los hospitales provinciales de Alta Gracia, Unquillo y Jesus Mar\u00eda.<\/p>\n<p>&#8220;No es posible que el a\u00f1o pasado hayan otorgado el 38% y este a\u00f1o, con mucha m\u00e1s inflaci\u00f3n el gobierno provincial s\u00f3lo d\u00e9 aumentos que promedian 2200 pesos para el primer semestre. La gesti\u00f3n de Schiaretti debe atender a las necesidades de los trabajadores, recomponer los salarios que vienen sufriendo una ca\u00edda estrepitosa en la capacidad \u00a0de compra y devolver la paz social en los sectores de trabajo.\u00a0Si el gobierno no se muestra abierto a atender los reclamos, seguir\u00e1 el plan de lucha&#8221;, remarc\u00f3 la secretaria General de ATE, Mar\u00eda Liliana Salerno.<\/p>\n<p><img loading=\"lazy\" decoding=\"async\" class=\"aligncenter size-full wp-image-6574\" src=\"http:\/\/www.atecordoba.org\/wp-content\/uploads\/2016\/03\/b02c0458-81be-4571-8066-14eecde4d9e7-e1458768315654.jpg\" alt=\"b02c0458-81be-4571-8066-14eecde4d9e7\" width=\"550\" height=\"413\" \/><\/p>\n<p>Para la semana que viene est\u00e1 previsto continuar con las asambleas los d\u00edas lunes 28 y martes 29. Ese d\u00eda se realizar\u00e1 un nuevo plenario de delegados para evaluar los pasos a seguir.<\/p>\n<p><strong>Educaci\u00f3n en paro total<\/strong><\/p>\n<p><img loading=\"lazy\" decoding=\"async\" class=\"aligncenter size-full wp-image-6575\" src=\"http:\/\/www.atecordoba.org\/wp-content\/uploads\/2016\/03\/ba4507a1-bb4c-48dc-b889-1d952c7490b6-e1458768376109.jpg\" alt=\"ba4507a1-bb4c-48dc-b889-1d952c7490b6\" width=\"550\" height=\"309\" \/><\/p>\n<p>Por su parte, la Direcci\u00f3n de Administraci\u00f3n del Ministerio de Educaci\u00f3n provincial realiz\u00f3 un paro total en consonancia con lo dispuestos por ATE. Los trabajadores realizaron un corte de calle frente al organismo, que cont\u00f3 con el apoyo de docentes que se acercaron al lugar.<\/p>\n<p><img loading=\"lazy\" decoding=\"async\" class=\"aligncenter size-full wp-image-6576\" src=\"http:\/\/www.atecordoba.org\/wp-content\/uploads\/2016\/03\/d05824a7-9eeb-4c98-a62a-3c50639df46a-e1458768421463.jpg\" alt=\"d05824a7-9eeb-4c98-a62a-3c50639df46a\" width=\"366\" height=\"650\" \/><\/p>\n<p>All\u00ed, los trabajadores vienen desarrollando el plan de lucha desde mediados de febrero, reclamando un aumento salarial y mejoras espec\u00edficas en las condiciones de de trabajo del sector.<\/p>\n<p><img loading=\"lazy\" decoding=\"async\" class=\"aligncenter size-full wp-image-6577\" src=\"http:\/\/www.atecordoba.org\/wp-content\/uploads\/2016\/03\/1a8ee71b-aacb-4a51-aa73-34e3a3b93a47-e1458768453841.jpg\" alt=\"1a8ee71b-aacb-4a51-aa73-34e3a3b93a47\" width=\"550\" height=\"309\" \/><\/p>\n","protected":false},"excerpt":{"rendered":"<p>La medida de fuerza se impuso en todo el sistema hospitalario provincial. Mientras el gobierno no d\u00e9 respuestas, los trabajadores seguimos luchando por salarios dignos. Fuerte impacto del paro en el Ministerio de Educaci\u00f3n. El paro provincial convocado por ATE hoy tuvo alto acatamiento en todos los sectores donde nuestro gremio cuenta con representaci\u00f3n gremial. [&hellip;]<\/p>\n","protected":false},"author":1,"featured_media":19220,"comment_status":"open","ping_status":"open","sticky":false,"template":"","format":"standard","meta":{"_exactmetrics_skip_tracking":false,"_exactmetrics_sitenote_active":false,"_exactmetrics_sitenote_note":"","_exactmetrics_sitenote_category":0,"jnews-multi-image_gallery":[],"jnews_single_post":[],"jnews_primary_category":[],"jnews_social_meta":[],"jnews_review":[],"enable_review":"","type":"","name":"","summary":"","brand":"","sku":"","good":[],"bad":[],"score_override":"","override_value":"","rating":[],"price":[],"jnews_override_counter":[],"jnews_post_split":[],"footnotes":""},"categories":[7,114,8],"tags":[],"class_list":["post-6564","post","type-post","status-publish","format-standard","has-post-thumbnail","hentry","category-hospitales","category-ministerio-educacion","category-provinciales"],"jetpack_featured_media_url":"https:\/\/atecordoba.org\/wp-content\/uploads\/2020\/05\/logo-nuevochico-e1561581322808.png","_links":{"self":[{"href":"https:\/\/atecordoba.org\/index.php?rest_route=\/wp\/v2\/posts\/6564","targetHints":{"allow":["GET"]}}],"collection":[{"href":"https:\/\/atecordoba.org\/index.php?rest_route=\/wp\/v2\/posts"}],"about":[{"href":"https:\/\/atecordoba.org\/index.php?rest_route=\/wp\/v2\/types\/post"}],"author":[{"embeddable":true,"href":"https:\/\/atecordoba.org\/index.php?rest_route=\/wp\/v2\/users\/1"}],"replies":[{"embeddable":true,"href":"https:\/\/atecordoba.org\/index.php?rest_route=%2Fwp%2Fv2%2Fcomments&post=6564"}],"version-history":[{"count":0,"href":"https:\/\/atecordoba.org\/index.php?rest_route=\/wp\/v2\/posts\/6564\/revisions"}],"wp:featuredmedia":[{"embeddable":true,"href":"https:\/\/atecordoba.org\/index.php?rest_route=\/wp\/v2\/media\/19220"}],"wp:attachment":[{"href":"https:\/\/atecordoba.org\/index.php?rest_route=%2Fwp%2Fv2%2Fmedia&parent=6564"}],"wp:term":[{"taxonomy":"category","embeddable":true,"href":"https:\/\/atecordoba.org\/index.php?rest_route=%2Fwp%2Fv2%2Fcategories&post=6564"},{"taxonomy":"post_tag","embeddable":true,"href":"https:\/\/atecordoba.org\/index.php?rest_route=%2Fwp%2Fv2%2Ftags&post=6564"}],"curies":[{"name":"wp","href":"https:\/\/api.w.org\/{rel}","templated":true}]}}