{"id":6561,"date":"2016-03-23T16:02:07","date_gmt":"2016-03-23T19:02:07","guid":{"rendered":"http:\/\/www.atecordoba.org\/?p=6561"},"modified":"2016-03-23T16:02:07","modified_gmt":"2016-03-23T19:02:07","slug":"24-de-marzo-hoy-como-ayer-exigimos-memoria-verdad-y-justicia","status":"publish","type":"post","link":"https:\/\/atecordoba.org\/?p=6561","title":{"rendered":"24 de marzo: hoy como ayer exigimos memoria, verdad y justicia"},"content":{"rendered":"<p><em>Al cumplirse ma\u00f1ana, 24 de marzo, 40 a\u00f1os del golpe c\u00edvico-militar que descarg\u00f3 sobre el pueblo argentino la m\u00e1s sangrienta represi\u00f3n de su historia, la Asociaci\u00f3n Trabajadores del Estado quiere expresar su compromiso de siempre con la memoria, verdad y justicia, y reclamar, hoy como ayer, c\u00e1rcel ya a todos los genocidas y restituci\u00f3n de la identidad a los j\u00f3venes apropiados por la dictadura. Desde ATE C\u00f3rdoba convocamos a todos nuestros afiliados a concentrarnos en la esquina de Fragueiro y Colon para movilizarnos detr\u00e1s de la bandera de la CTA Aut\u00f3noma.<\/em><\/p>\n<p><img loading=\"lazy\" decoding=\"async\" class=\"aligncenter size-full wp-image-6562\" src=\"http:\/\/www.atecordoba.org\/wp-content\/uploads\/2016\/03\/24-de-marzo-e1458757932923.jpg\" alt=\"24 de marzo\" width=\"550\" height=\"203\" \/><\/p>\n<p>Desde antes de la recuperaci\u00f3n de la democracia, nuestra organizaci\u00f3n se mantuvo codo a codo con los organismos de derechos humanos, luchando contra la teor\u00eda de los dos demonios y los intentos de pacificaci\u00f3n y reconciliaci\u00f3n, manteniendo bien alta la consigna de que los 30 mil compa\u00f1eros y compa\u00f1eras detenidos-desaparecidos estaban presentes en cada una de nuestras luchas y que no olvidamos ni perdonamos.<\/p>\n<p>Con ese prop\u00f3sito fuimos hace 18 a\u00f1os, como integrantes de la CTA, a presentar al juez Garz\u00f3n de Espa\u00f1a los datos filiatorios de m\u00e1s de 9 mil trabajadores v\u00edctimas de la represi\u00f3n estatal con la intenci\u00f3n que se declarara como genocidio el asesinato y desaparici\u00f3n forzada de miles de compatriotas. Esas pruebas que permitieron avanzar en los juicios a los genocidas y que se abrieran varias causas relacionadas con la participaci\u00f3n empresarial en la represi\u00f3n.<\/p>\n<p>De la misma manera que colaboramos con los Juicios de la Verdad en La Plata y rechazamos en\u00e9rgicamente las leyes de Obediencia Debida, Punto final y el infame Indulto presidencial, hoy repudiamos los nuevos intentos de &#8220;pacificaci\u00f3n&#8221;, el ninguneo de la magnitud del genocidio y las actuales violaciones de los derechos humanos.<\/p>\n<p>Por esa raz\u00f3n, continuamos expresando nuestro repudio a la ley Antiterrorista, la criminalizaci\u00f3n de la protesta, el protocolo represivo, el encarcelamiento de luchadores populares y el espionaje al movimiento popular con la misma intensidad que pedimos apertura de todos los archivos, recuperaci\u00f3n del Banco Nacional de Datos Gen\u00e9ticos y aparici\u00f3n con vida de jorge Julio L\u00f3pez.<\/p>\n<p>Conscientes de que fue la lucha del pueblo la que recuper\u00f3 la democracia e instaur\u00f3 la cultura del &#8216;Nunca M\u00e1s&#8217; golpes de Estado y dictaduras, as\u00ed tambi\u00e9n estamos convencido de que queda mucho por hacer por el sue\u00f1o de una patria justa, la misma que inspir\u00f3 a miles de compa\u00f1eros y compa\u00f1eras desaparecidos, que nunca olvidaremos.<\/p>\n<p>En su honor, renovamos el compromiso de lucha contra el pago de la deuda externa ilegal e ileg\u00edtima, el ajuste salarial, los despidos del sector p\u00fablico y privado, el saqueo y la depredaci\u00f3n de los bienes comunes y el crimen de que nuestro pueblo sufra hambre.<\/p>\n<p>Por todo lo expuesto, nos convocamos a marchar por Memoria, Verdad y Justicia.<\/p>\n","protected":false},"excerpt":{"rendered":"<p>Al cumplirse ma\u00f1ana, 24 de marzo, 40 a\u00f1os del golpe c\u00edvico-militar que descarg\u00f3 sobre el pueblo argentino la m\u00e1s sangrienta represi\u00f3n de su historia, la Asociaci\u00f3n Trabajadores del Estado quiere expresar su compromiso de siempre con la memoria, verdad y justicia, y reclamar, hoy como ayer, c\u00e1rcel ya a todos los genocidas y restituci\u00f3n de [&hellip;]<\/p>\n","protected":false},"author":1,"featured_media":19220,"comment_status":"open","ping_status":"open","sticky":false,"template":"","format":"standard","meta":{"_exactmetrics_skip_tracking":false,"_exactmetrics_sitenote_active":false,"_exactmetrics_sitenote_note":"","_exactmetrics_sitenote_category":0,"jnews-multi-image_gallery":[],"jnews_single_post":[],"jnews_primary_category":[],"jnews_social_meta":[],"jnews_review":[],"enable_review":"","type":"","name":"","summary":"","brand":"","sku":"","good":[],"bad":[],"score_override":"","override_value":"","rating":[],"price":[],"jnews_override_counter":[],"jnews_post_split":[],"footnotes":""},"categories":[122],"tags":[],"class_list":["post-6561","post","type-post","status-publish","format-standard","has-post-thumbnail","hentry","category-ddhh"],"jetpack_featured_media_url":"https:\/\/atecordoba.org\/wp-content\/uploads\/2020\/05\/logo-nuevochico-e1561581322808.png","_links":{"self":[{"href":"https:\/\/atecordoba.org\/index.php?rest_route=\/wp\/v2\/posts\/6561","targetHints":{"allow":["GET"]}}],"collection":[{"href":"https:\/\/atecordoba.org\/index.php?rest_route=\/wp\/v2\/posts"}],"about":[{"href":"https:\/\/atecordoba.org\/index.php?rest_route=\/wp\/v2\/types\/post"}],"author":[{"embeddable":true,"href":"https:\/\/atecordoba.org\/index.php?rest_route=\/wp\/v2\/users\/1"}],"replies":[{"embeddable":true,"href":"https:\/\/atecordoba.org\/index.php?rest_route=%2Fwp%2Fv2%2Fcomments&post=6561"}],"version-history":[{"count":0,"href":"https:\/\/atecordoba.org\/index.php?rest_route=\/wp\/v2\/posts\/6561\/revisions"}],"wp:featuredmedia":[{"embeddable":true,"href":"https:\/\/atecordoba.org\/index.php?rest_route=\/wp\/v2\/media\/19220"}],"wp:attachment":[{"href":"https:\/\/atecordoba.org\/index.php?rest_route=%2Fwp%2Fv2%2Fmedia&parent=6561"}],"wp:term":[{"taxonomy":"category","embeddable":true,"href":"https:\/\/atecordoba.org\/index.php?rest_route=%2Fwp%2Fv2%2Fcategories&post=6561"},{"taxonomy":"post_tag","embeddable":true,"href":"https:\/\/atecordoba.org\/index.php?rest_route=%2Fwp%2Fv2%2Ftags&post=6561"}],"curies":[{"name":"wp","href":"https:\/\/api.w.org\/{rel}","templated":true}]}}