{"id":6557,"date":"2016-03-23T14:58:06","date_gmt":"2016-03-23T17:58:06","guid":{"rendered":"http:\/\/www.atecordoba.org\/?p=6557"},"modified":"2016-03-23T14:58:06","modified_gmt":"2016-03-23T17:58:06","slug":"inoportuna-visita-de-obama-a-nuestro-pais","status":"publish","type":"post","link":"https:\/\/atecordoba.org\/?p=6557","title":{"rendered":"Inoportuna visita de Obama a nuestro pa\u00eds"},"content":{"rendered":"<p><em>La Asociaci\u00f3n de Trabajadores del Estado (ATE) considera inoportuna la visita del presidente de Estados Unidos, Barack Obama, en una fecha tan emblem\u00e1tica como lo es el 24 de marzo, d\u00eda de memoria para el pueblo argentino respecto a los cr\u00edmenes de lesa humanidad cometidos durante la \u00faltima dictadura c\u00edvico-militar, y de los que se cumplen 40 a\u00f1os en este 2016.<\/em><\/p>\n<p><img loading=\"lazy\" decoding=\"async\" class=\"aligncenter size-full wp-image-6558\" src=\"http:\/\/www.atecordoba.org\/wp-content\/uploads\/2016\/03\/obama-macri-e1458755844740.jpg\" alt=\"obama-macri\" width=\"550\" height=\"320\" \/><\/p>\n<p><span style=\"font-style: inherit; font-weight: inherit;\"><span style=\"font-style: inherit; font-weight: inherit;\">Estados Unidos fue un actor central en el entrenamiento de jerarcas militares, en la nefasta Escuela de las Am\u00e9ricas localizada en Panam\u00e1. Sumado a esto, Estado Unidos apoy\u00f3 el golpe c\u00edvico-militar y se encarg\u00f3 a trav\u00e9s de la Operaci\u00f3n C\u00f3ndor, de coordinar las persecuciones y pol\u00edticas represivas de los diferentes gobiernos de facto del Cono Sur. Todos estos hechos est\u00e1n comprobados en los juicios por delitos de lesa humanidad que se est\u00e1n llevando adelante en Argentina.<\/span><span style=\"font-style: inherit; font-weight: inherit;\">\u00a0<\/span><\/span><\/p>\n<p><span style=\"font-style: inherit; font-weight: inherit;\"><span style=\"font-style: inherit; font-weight: inherit;\">La pol\u00edtica represiva de Estados Unidos no se limit\u00f3 al Cono Sur, tuvo correlatos en diferentes pa\u00edses de Am\u00e9rica Central y el Caribe, siendo la participaci\u00f3n activa en la ejecuci\u00f3n de la guerra contra el ej\u00e9rcito sandinista en Nicaragua uno de los puntos principales de esta pol\u00edtica.<\/span><span style=\"font-style: inherit; font-weight: inherit;\">\u00a0<\/span><\/span><\/p>\n<p><span style=\"font-style: inherit; font-weight: inherit;\"><span style=\"font-style: inherit; font-weight: inherit;\">El presidente Barack\u00a0Obama\u00a0y su administraci\u00f3n tampoco son ajenos a la desestabilizaci\u00f3n de gobiernos en Am\u00e9rica Latina. No olvidamos el golpe de Estado en Honduras contra Manuel Zelaya en 2009, el derrocamiento de Fernando Lugo en Paraguay en 2012, as\u00ed como tampoco olvidamos los levantamientos policiales contra los gobiernos de Evo Morales en Bolivia y Rafael Correa en Ecuador, que se suman al constante hostigamiento contra el gobierno de Venezuela. En todos estos casos existen pruebas concretas de participaci\u00f3n de las embajadas de Estados Unidos y de sus operadores en el terreno.<\/span><span style=\"font-style: inherit; font-weight: inherit;\">\u00a0<\/span><\/span><\/p>\n<p><span style=\"font-style: inherit; font-weight: inherit;\"><span style=\"font-style: inherit; font-weight: inherit;\">Por todas estas circunstancias, consideramos por dem\u00e1s inadecuada la visita de un presidente de Estados Unidos en una fecha tan importante para aquellos que luchamos por memoria, verdad y justicia.<\/span><\/span><\/p>\n","protected":false},"excerpt":{"rendered":"<p>La Asociaci\u00f3n de Trabajadores del Estado (ATE) considera inoportuna la visita del presidente de Estados Unidos, Barack Obama, en una fecha tan emblem\u00e1tica como lo es el 24 de marzo, d\u00eda de memoria para el pueblo argentino respecto a los cr\u00edmenes de lesa humanidad cometidos durante la \u00faltima dictadura c\u00edvico-militar, y de los que se [&hellip;]<\/p>\n","protected":false},"author":1,"featured_media":19220,"comment_status":"open","ping_status":"open","sticky":false,"template":"","format":"standard","meta":{"_exactmetrics_skip_tracking":false,"_exactmetrics_sitenote_active":false,"_exactmetrics_sitenote_note":"","_exactmetrics_sitenote_category":0,"jnews-multi-image_gallery":[],"jnews_single_post":[],"jnews_primary_category":[],"jnews_social_meta":[],"jnews_review":[],"enable_review":"","type":"","name":"","summary":"","brand":"","sku":"","good":[],"bad":[],"score_override":"","override_value":"","rating":[],"price":[],"jnews_override_counter":[],"jnews_post_split":[],"footnotes":""},"categories":[108],"tags":[],"class_list":["post-6557","post","type-post","status-publish","format-standard","has-post-thumbnail","hentry","category-internacional"],"jetpack_featured_media_url":"https:\/\/atecordoba.org\/wp-content\/uploads\/2020\/05\/logo-nuevochico-e1561581322808.png","_links":{"self":[{"href":"https:\/\/atecordoba.org\/index.php?rest_route=\/wp\/v2\/posts\/6557","targetHints":{"allow":["GET"]}}],"collection":[{"href":"https:\/\/atecordoba.org\/index.php?rest_route=\/wp\/v2\/posts"}],"about":[{"href":"https:\/\/atecordoba.org\/index.php?rest_route=\/wp\/v2\/types\/post"}],"author":[{"embeddable":true,"href":"https:\/\/atecordoba.org\/index.php?rest_route=\/wp\/v2\/users\/1"}],"replies":[{"embeddable":true,"href":"https:\/\/atecordoba.org\/index.php?rest_route=%2Fwp%2Fv2%2Fcomments&post=6557"}],"version-history":[{"count":0,"href":"https:\/\/atecordoba.org\/index.php?rest_route=\/wp\/v2\/posts\/6557\/revisions"}],"wp:featuredmedia":[{"embeddable":true,"href":"https:\/\/atecordoba.org\/index.php?rest_route=\/wp\/v2\/media\/19220"}],"wp:attachment":[{"href":"https:\/\/atecordoba.org\/index.php?rest_route=%2Fwp%2Fv2%2Fmedia&parent=6557"}],"wp:term":[{"taxonomy":"category","embeddable":true,"href":"https:\/\/atecordoba.org\/index.php?rest_route=%2Fwp%2Fv2%2Fcategories&post=6557"},{"taxonomy":"post_tag","embeddable":true,"href":"https:\/\/atecordoba.org\/index.php?rest_route=%2Fwp%2Fv2%2Ftags&post=6557"}],"curies":[{"name":"wp","href":"https:\/\/api.w.org\/{rel}","templated":true}]}}