{"id":6546,"date":"2016-03-18T17:34:42","date_gmt":"2016-03-18T20:34:42","guid":{"rendered":"http:\/\/www.atecordoba.org\/?p=6546"},"modified":"2016-03-18T17:34:42","modified_gmt":"2016-03-18T20:34:42","slug":"unc-ate-se-reunio-con-dos-de-los-candidatos-a-rector","status":"publish","type":"post","link":"https:\/\/atecordoba.org\/?p=6546","title":{"rendered":"UNC: ATE se reuni\u00f3 con dos de los candidatos a rector"},"content":{"rendered":"<p><em>A partir del pedido de audiencia que ATE realiz\u00f3 a los candidatos a rector de la UNC, para conocer sus propuestas para el sector no docente, se llevaron a cabo sendas reuniones con Hugo Juri y Patricia Altamirano.<\/em><\/p>\n<figure id=\"attachment_6547\" aria-describedby=\"caption-attachment-6547\" style=\"width: 550px\" class=\"wp-caption aligncenter\"><img loading=\"lazy\" decoding=\"async\" class=\"wp-image-6547 size-full\" src=\"http:\/\/www.atecordoba.org\/wp-content\/uploads\/2016\/03\/vocal_pancho-pavan-e1458333121814.png\" alt=\"vocal_pancho pavan\" width=\"550\" height=\"309\" \/><figcaption id=\"caption-attachment-6547\" class=\"wp-caption-text\">Francisco Pavan, prosecretario Gremial.<\/figcaption><\/figure>\n<p>En la oportunidad, nuestro prosecretario Gremial Francisco Pavan plante\u00f3 las inquietudes respecto a qu\u00e9 pol\u00edticas se proponen llevar adelante los candidatos para los trabajadores no docentes<\/p>\n<p>En ese sentido se les consult\u00f3 su posici\u00f3n sobre la libertad y democracia sindical en el \u00e1mbito de la UNC y la necesidad de desarrollar la pluralidad sindical en el sector p\u00fablico.<\/p>\n<p>Vale se\u00f1alar que ambos se manifestaron a favor de la libertad sindical y se comprometieron a analizar la situaci\u00f3n sobre el reconocimiento de ATE en la UNC, que actualmente est\u00e1 siendo negada, contrariando la legislaci\u00f3n vigente y los tratados internacionales que garantizan a los trabajadores del Estado el derecho a elegir sus representantes entre diversas organizaciones sindicales, elegir delegados y discutir salario y condiciones de trabajo.<\/p>\n<p>Tanto Altamirano como Juri se mostraron dispuestos a crear una mesa de discusi\u00f3n y activar los canales institucionales para solucionar la problem\u00e1tica laboral de los no docentes.<\/p>\n<p>Lamentablemente, distinta fue la actitud del candidato y actual rector Francisco Tamarit, que no respondi\u00f3 a la convocatoria hasta el momento.<\/p>\n","protected":false},"excerpt":{"rendered":"<p>A partir del pedido de audiencia que ATE realiz\u00f3 a los candidatos a rector de la UNC, para conocer sus propuestas para el sector no docente, se llevaron a cabo sendas reuniones con Hugo Juri y Patricia Altamirano. En la oportunidad, nuestro prosecretario Gremial Francisco Pavan plante\u00f3 las inquietudes respecto a qu\u00e9 pol\u00edticas se proponen [&hellip;]<\/p>\n","protected":false},"author":1,"featured_media":19220,"comment_status":"open","ping_status":"open","sticky":false,"template":"","format":"standard","meta":{"_exactmetrics_skip_tracking":false,"_exactmetrics_sitenote_active":false,"_exactmetrics_sitenote_note":"","_exactmetrics_sitenote_category":0,"jnews-multi-image_gallery":[],"jnews_single_post":[],"jnews_primary_category":[],"jnews_social_meta":[],"jnews_review":[],"enable_review":"","type":"","name":"","summary":"","brand":"","sku":"","good":[],"bad":[],"score_override":"","override_value":"","rating":[],"price":[],"jnews_override_counter":[],"jnews_post_split":[],"footnotes":""},"categories":[18,89],"tags":[],"class_list":["post-6546","post","type-post","status-publish","format-standard","has-post-thumbnail","hentry","category-nacionales","category-unc"],"jetpack_featured_media_url":"https:\/\/atecordoba.org\/wp-content\/uploads\/2020\/05\/logo-nuevochico-e1561581322808.png","_links":{"self":[{"href":"https:\/\/atecordoba.org\/index.php?rest_route=\/wp\/v2\/posts\/6546","targetHints":{"allow":["GET"]}}],"collection":[{"href":"https:\/\/atecordoba.org\/index.php?rest_route=\/wp\/v2\/posts"}],"about":[{"href":"https:\/\/atecordoba.org\/index.php?rest_route=\/wp\/v2\/types\/post"}],"author":[{"embeddable":true,"href":"https:\/\/atecordoba.org\/index.php?rest_route=\/wp\/v2\/users\/1"}],"replies":[{"embeddable":true,"href":"https:\/\/atecordoba.org\/index.php?rest_route=%2Fwp%2Fv2%2Fcomments&post=6546"}],"version-history":[{"count":0,"href":"https:\/\/atecordoba.org\/index.php?rest_route=\/wp\/v2\/posts\/6546\/revisions"}],"wp:featuredmedia":[{"embeddable":true,"href":"https:\/\/atecordoba.org\/index.php?rest_route=\/wp\/v2\/media\/19220"}],"wp:attachment":[{"href":"https:\/\/atecordoba.org\/index.php?rest_route=%2Fwp%2Fv2%2Fmedia&parent=6546"}],"wp:term":[{"taxonomy":"category","embeddable":true,"href":"https:\/\/atecordoba.org\/index.php?rest_route=%2Fwp%2Fv2%2Fcategories&post=6546"},{"taxonomy":"post_tag","embeddable":true,"href":"https:\/\/atecordoba.org\/index.php?rest_route=%2Fwp%2Fv2%2Ftags&post=6546"}],"curies":[{"name":"wp","href":"https:\/\/api.w.org\/{rel}","templated":true}]}}