{"id":6543,"date":"2016-03-18T16:33:07","date_gmt":"2016-03-18T19:33:07","guid":{"rendered":"http:\/\/www.atecordoba.org\/?p=6543"},"modified":"2016-03-18T16:33:07","modified_gmt":"2016-03-18T19:33:07","slug":"el-lunes-continuaran-las-asambleas-de-los-trabajadores-provinciales","status":"publish","type":"post","link":"https:\/\/atecordoba.org\/?p=6543","title":{"rendered":"El lunes continuar\u00e1n las asambleas de los trabajadores provinciales"},"content":{"rendered":"<p><em>El Consejo Directivo Provincial (CDP) resuelve profundizar las medidas de fuerza, en virtud de que el gobierno provincial no convoc\u00f3 oficialmente a nuestra organizaci\u00f3n para canalizar el reclamo de los trabajadores que se vienen expresando en las distintas asambleas realizadas por los trabajadores provinciales.<\/em><\/p>\n<p><img loading=\"lazy\" decoding=\"async\" class=\"aligncenter size-full wp-image-6402\" src=\"http:\/\/www.atecordoba.org\/wp-content\/uploads\/2016\/02\/DSC_0133-e1456426644280.jpg\" alt=\"DSC_0133\" width=\"550\" height=\"309\" \/><\/p>\n<p>Por ello, se dar\u00e1 continuidad al plan de lucha el lunes pr\u00f3ximo con la modalidad de asambleas de tres horas por turno. A esto se suma el quite de colaboraci\u00f3n en los servicios durante cada turno.<\/p>\n<p>Asimismo, el CDP convoc\u00f3 al cuerpo de delegados para el lunes a las 14 horas, a los efectos de tomar conocimiento de los mandatos de las asambleas y evaluar una jornada provincial de protesta para la semana que viene.<\/p>\n<p>ATE reclama una rediscusi\u00f3n de la pauta salarial que el gobierno provincial resolvi\u00f3 recientemente, para alcanzar una recomposici\u00f3n de haberes que compense la escalada inflacionaria, muy por encima de los 2000 pesos otorgados.<\/p>\n","protected":false},"excerpt":{"rendered":"<p>El Consejo Directivo Provincial (CDP) resuelve profundizar las medidas de fuerza, en virtud de que el gobierno provincial no convoc\u00f3 oficialmente a nuestra organizaci\u00f3n para canalizar el reclamo de los trabajadores que se vienen expresando en las distintas asambleas realizadas por los trabajadores provinciales. Por ello, se dar\u00e1 continuidad al plan de lucha el lunes [&hellip;]<\/p>\n","protected":false},"author":1,"featured_media":19220,"comment_status":"open","ping_status":"open","sticky":false,"template":"","format":"standard","meta":{"_exactmetrics_skip_tracking":false,"_exactmetrics_sitenote_active":false,"_exactmetrics_sitenote_note":"","_exactmetrics_sitenote_category":0,"jnews-multi-image_gallery":[],"jnews_single_post":[],"jnews_primary_category":[],"jnews_social_meta":[],"jnews_review":[],"enable_review":"","type":"","name":"","summary":"","brand":"","sku":"","good":[],"bad":[],"score_override":"","override_value":"","rating":[],"price":[],"jnews_override_counter":[],"jnews_post_split":[],"footnotes":""},"categories":[7,8],"tags":[],"class_list":["post-6543","post","type-post","status-publish","format-standard","has-post-thumbnail","hentry","category-hospitales","category-provinciales"],"jetpack_featured_media_url":"https:\/\/atecordoba.org\/wp-content\/uploads\/2020\/05\/logo-nuevochico-e1561581322808.png","_links":{"self":[{"href":"https:\/\/atecordoba.org\/index.php?rest_route=\/wp\/v2\/posts\/6543","targetHints":{"allow":["GET"]}}],"collection":[{"href":"https:\/\/atecordoba.org\/index.php?rest_route=\/wp\/v2\/posts"}],"about":[{"href":"https:\/\/atecordoba.org\/index.php?rest_route=\/wp\/v2\/types\/post"}],"author":[{"embeddable":true,"href":"https:\/\/atecordoba.org\/index.php?rest_route=\/wp\/v2\/users\/1"}],"replies":[{"embeddable":true,"href":"https:\/\/atecordoba.org\/index.php?rest_route=%2Fwp%2Fv2%2Fcomments&post=6543"}],"version-history":[{"count":0,"href":"https:\/\/atecordoba.org\/index.php?rest_route=\/wp\/v2\/posts\/6543\/revisions"}],"wp:featuredmedia":[{"embeddable":true,"href":"https:\/\/atecordoba.org\/index.php?rest_route=\/wp\/v2\/media\/19220"}],"wp:attachment":[{"href":"https:\/\/atecordoba.org\/index.php?rest_route=%2Fwp%2Fv2%2Fmedia&parent=6543"}],"wp:term":[{"taxonomy":"category","embeddable":true,"href":"https:\/\/atecordoba.org\/index.php?rest_route=%2Fwp%2Fv2%2Fcategories&post=6543"},{"taxonomy":"post_tag","embeddable":true,"href":"https:\/\/atecordoba.org\/index.php?rest_route=%2Fwp%2Fv2%2Ftags&post=6543"}],"curies":[{"name":"wp","href":"https:\/\/api.w.org\/{rel}","templated":true}]}}