{"id":6539,"date":"2016-03-17T18:42:06","date_gmt":"2016-03-17T21:42:06","guid":{"rendered":"http:\/\/www.atecordoba.org\/?p=6539"},"modified":"2016-03-17T18:42:06","modified_gmt":"2016-03-17T21:42:06","slug":"manana-continuan-las-asambleas-en-los-hospitales-provinciales","status":"publish","type":"post","link":"https:\/\/atecordoba.org\/?p=6539","title":{"rendered":"Ma\u00f1ana contin\u00faan las asambleas en los hospitales provinciales"},"content":{"rendered":"<p><em>Tal como lo resolviera el Consejo Directivo Provincial tras concretar el importante paro del mi\u00e9rcoles pasado, los hospitales provinciales, y el resto de la administraci\u00f3n p\u00fablica donde ATE cuenta con representaci\u00f3n sindical, mantendr\u00e1n las asambleas de dos horas por turno.<\/em><\/p>\n<figure id=\"attachment_6540\" aria-describedby=\"caption-attachment-6540\" style=\"width: 550px\" class=\"wp-caption aligncenter\"><img loading=\"lazy\" decoding=\"async\" class=\"wp-image-6540 size-full\" src=\"http:\/\/www.atecordoba.org\/wp-content\/uploads\/2016\/03\/84aed646-1b35-4c9d-b62e-25329b4edcd0-e1458250874849.jpg\" alt=\"84aed646-1b35-4c9d-b62e-25329b4edcd0\" width=\"550\" height=\"309\" \/><figcaption id=\"caption-attachment-6540\" class=\"wp-caption-text\">Asamblea en el hospital Neonatal.<\/figcaption><\/figure>\n<p>Por caso, el hospital Neonatal iniciar\u00e1 su asamblea a las 9.30 horas, con la participaci\u00f3n de todo el personal del centro de salud. Est\u00e1 previsto que se realice tambi\u00e9n un corte de media calzada en la avenida Carde\u00f1osa, tal como se viene llevando a cabo los \u00faltimos d\u00edas de conflicto.<\/p>\n<p>En la misma medida se repetir\u00e1n las asambleas en el Polo Sanitario y el resto de los hospitales de la Capital.<\/p>\n<p>ATE reclama la apertura de una verdadera discusi\u00f3n \u00a0salarial que contemple las necesidades de los trabajadores provinciales, muy por encima del exiguo 25% que otorg\u00f3 la provincia en acuerdo con otro gremio provincial.<\/p>\n","protected":false},"excerpt":{"rendered":"<p>Tal como lo resolviera el Consejo Directivo Provincial tras concretar el importante paro del mi\u00e9rcoles pasado, los hospitales provinciales, y el resto de la administraci\u00f3n p\u00fablica donde ATE cuenta con representaci\u00f3n sindical, mantendr\u00e1n las asambleas de dos horas por turno. Por caso, el hospital Neonatal iniciar\u00e1 su asamblea a las 9.30 horas, con la participaci\u00f3n [&hellip;]<\/p>\n","protected":false},"author":1,"featured_media":19220,"comment_status":"open","ping_status":"open","sticky":false,"template":"","format":"standard","meta":{"_exactmetrics_skip_tracking":false,"_exactmetrics_sitenote_active":false,"_exactmetrics_sitenote_note":"","_exactmetrics_sitenote_category":0,"jnews-multi-image_gallery":[],"jnews_single_post":[],"jnews_primary_category":[],"jnews_social_meta":[],"jnews_review":[],"enable_review":"","type":"","name":"","summary":"","brand":"","sku":"","good":[],"bad":[],"score_override":"","override_value":"","rating":[],"price":[],"jnews_override_counter":[],"jnews_post_split":[],"footnotes":""},"categories":[7,8],"tags":[],"class_list":["post-6539","post","type-post","status-publish","format-standard","has-post-thumbnail","hentry","category-hospitales","category-provinciales"],"jetpack_featured_media_url":"https:\/\/atecordoba.org\/wp-content\/uploads\/2020\/05\/logo-nuevochico-e1561581322808.png","_links":{"self":[{"href":"https:\/\/atecordoba.org\/index.php?rest_route=\/wp\/v2\/posts\/6539","targetHints":{"allow":["GET"]}}],"collection":[{"href":"https:\/\/atecordoba.org\/index.php?rest_route=\/wp\/v2\/posts"}],"about":[{"href":"https:\/\/atecordoba.org\/index.php?rest_route=\/wp\/v2\/types\/post"}],"author":[{"embeddable":true,"href":"https:\/\/atecordoba.org\/index.php?rest_route=\/wp\/v2\/users\/1"}],"replies":[{"embeddable":true,"href":"https:\/\/atecordoba.org\/index.php?rest_route=%2Fwp%2Fv2%2Fcomments&post=6539"}],"version-history":[{"count":0,"href":"https:\/\/atecordoba.org\/index.php?rest_route=\/wp\/v2\/posts\/6539\/revisions"}],"wp:featuredmedia":[{"embeddable":true,"href":"https:\/\/atecordoba.org\/index.php?rest_route=\/wp\/v2\/media\/19220"}],"wp:attachment":[{"href":"https:\/\/atecordoba.org\/index.php?rest_route=%2Fwp%2Fv2%2Fmedia&parent=6539"}],"wp:term":[{"taxonomy":"category","embeddable":true,"href":"https:\/\/atecordoba.org\/index.php?rest_route=%2Fwp%2Fv2%2Fcategories&post=6539"},{"taxonomy":"post_tag","embeddable":true,"href":"https:\/\/atecordoba.org\/index.php?rest_route=%2Fwp%2Fv2%2Ftags&post=6539"}],"curies":[{"name":"wp","href":"https:\/\/api.w.org\/{rel}","templated":true}]}}