{"id":6513,"date":"2016-03-16T17:41:14","date_gmt":"2016-03-16T20:41:14","guid":{"rendered":"http:\/\/www.atecordoba.org\/?p=6513"},"modified":"2016-03-16T17:41:14","modified_gmt":"2016-03-16T20:41:14","slug":"multitudinaria-marcha-contra-macri-y-schiaretti-durante-el-paro-nacional","status":"publish","type":"post","link":"https:\/\/atecordoba.org\/?p=6513","title":{"rendered":"Multitudinaria marcha contra Macri y Schiaretti durante el paro nacional"},"content":{"rendered":"<p><em>Con fuerte impacto en el Estado nacional y alto acatamiento en los sectores provinciales, se cumpli\u00f3 hoy el paro nacional dispuesto por ATE en todo el pa\u00eds. \u201cSi la pauta salarial es insuficiente, seguiremos en la calle\u201d, fue la consigna de ATE.<\/em><\/p>\n<p><img loading=\"lazy\" decoding=\"async\" class=\"aligncenter size-full wp-image-6517\" src=\"http:\/\/www.atecordoba.org\/wp-content\/uploads\/2016\/03\/DSC_0384-e1458160297332.jpg\" alt=\"DSC_0384\" width=\"550\" height=\"309\" \/><\/p>\n<p>Con abandono de tareas a media ma\u00f1ana, se inici\u00f3 hoy el paro nacional de ATE en la provincia de C\u00f3rdoba. La medida tuvo importante impacto en el Estado nacional y un acatamiento muy alto en el sector hospitalario provincial, donde nuestro gremio cuenta con mayor representaci\u00f3n.<\/p>\n<p><img loading=\"lazy\" decoding=\"async\" class=\"aligncenter size-full wp-image-6528\" src=\"http:\/\/www.atecordoba.org\/wp-content\/uploads\/2016\/03\/DSC_0325-e1458160349747.jpg\" alt=\"DSC_0325\" width=\"550\" height=\"309\" \/><\/p>\n<p>Los compa\u00f1eros se concentraci\u00f3n en la sede de ATE y una nutrida y ruidosa columna inici\u00f3 la movilizaci\u00f3n por el centro de la ciudad, prologada por una batucada de bombos y redoblantes. Estuvieron presentes compa\u00f1eros nacionales de Senasa, Anses, PAMI, ANAC, Personal Civil de las FF.AA., Ministerio de Desarrollo Social, Pensiones, INTI, no docentes de la UNC, Ministerio de Trabajo de la Naci\u00f3n, Aftic, Secretar\u00eda de Agricultura Familiar y Parques Nacionales; en tanto, de la provincia, se movilizaron trabajadores de los hospitales Neonatal, Maternidad Provincial, Tr\u00e1nsito C\u00e1ceres de Allende, Casa Cuna, C\u00f3rdoba, Misericordia, De Ni\u00f1os, Rawson, Oncol\u00f3gico, Nuevo San Roque y Santa Mar\u00eda de Punilla. Tambi\u00e9n estuvieron compa\u00f1eros municipales de Unquillo y San Carlos Minas.<\/p>\n<p><img loading=\"lazy\" decoding=\"async\" class=\"size-full wp-image-6522 aligncenter\" src=\"http:\/\/www.atecordoba.org\/wp-content\/uploads\/2016\/03\/DSC_0419-e1458160378343.jpg\" alt=\"DSC_0419\" width=\"338\" height=\"600\" \/><\/p>\n<p>La columna atraves\u00f3 el centro de la ciudad, donde se sumaron compa\u00f1eros de gremios y agrupaciones que hab\u00edan comprometido su participaci\u00f3n en la jornada de lucha como la UTS-Fesprosa y Atsa o partidos pol\u00edticos como el MST.<\/p>\n<p><img loading=\"lazy\" decoding=\"async\" class=\"aligncenter size-full wp-image-6523\" src=\"http:\/\/www.atecordoba.org\/wp-content\/uploads\/2016\/03\/DSC_0424-e1458160413880.jpg\" alt=\"DSC_0424\" width=\"550\" height=\"309\" \/><\/p>\n<p>\u201cEstamos muy contentos por el nivel de participaci\u00f3n de los compa\u00f1eros en la medida de fuerza\u201d, dijo a la prensa Mar\u00eda Liliana Salerno, secretaria General del Consejo Directivo Provincial (CDP), consultada por un canal de televisi\u00f3n.<\/p>\n<p><img loading=\"lazy\" decoding=\"async\" class=\"aligncenter size-full wp-image-6519\" src=\"http:\/\/www.atecordoba.org\/wp-content\/uploads\/2016\/03\/DSC_0389-e1458160441291.jpg\" alt=\"DSC_0389\" width=\"550\" height=\"309\" \/><\/p>\n<p>En C\u00f3rdoba, ATE viene reclamando una convocatoria del gobierno provincial a la mesa de negociaci\u00f3n salarial, para plantear la insuficiencia de la pauta salarial otorgada por el gobernador Schiaretti del 25% en dos tramos, que acord\u00f3 con un gremio provincial sin dar participaci\u00f3n al resto de los gremios con representaci\u00f3n en la Provincial.<\/p>\n<p><img loading=\"lazy\" decoding=\"async\" class=\"aligncenter size-full wp-image-6527\" src=\"http:\/\/www.atecordoba.org\/wp-content\/uploads\/2016\/03\/DSC_0319-e1458160464930.jpg\" alt=\"DSC_0319\" width=\"550\" height=\"309\" \/><\/p>\n<p>En ese marco, ATE reclama un 40% de recomposici\u00f3n, dada la escalada inflacionaria y el impacto que tiene en los salarios los sucesivos tarifazos en los servicios, el transporte y los impuestos provinciales y municipales. Este pedido es tanto para los nacionales como los provinciales, que se suma al reclamo por la reincorporaci\u00f3n de los trabajadores despidos en la Naci\u00f3n, Provincia y municipios.<\/p>\n<p><img loading=\"lazy\" decoding=\"async\" class=\"aligncenter size-full wp-image-6531\" src=\"http:\/\/www.atecordoba.org\/wp-content\/uploads\/2016\/03\/DSC_0347-e1458160496647.jpg\" alt=\"DSC_0347\" width=\"550\" height=\"309\" \/><\/p>\n<p>El acto se realiz\u00f3 en la intersecci\u00f3n de las avenidas Colon y General Paz, centro neur\u00e1lgico de la ciudad, donde hubo espacio para que dirigentes de UTS y ATSA se dirigieran a los presentes. El secretario de Prensa, Daniel Pawluchuzk, felicit\u00f3 a los delegados de base por la \u201ctarea tit\u00e1nica que realizan cada d\u00eda\u201d.<\/p>\n<p><img loading=\"lazy\" decoding=\"async\" class=\"aligncenter size-full wp-image-6524\" src=\"http:\/\/www.atecordoba.org\/wp-content\/uploads\/2016\/03\/DSC_0428-e1458160540964.jpg\" alt=\"DSC_0428\" width=\"550\" height=\"309\" \/><\/p>\n<p>Por su parte, la secretaria General de ATE, Mar\u00eda Liliana Salerno, comenz\u00f3 se\u00f1alando que \u201cestamos aqu\u00ed en un d\u00eda m\u00e1s de paro y el gobierno nacional no se aviene a abrir la paritaria nacional como le pidi\u00f3 la mesa nacional de ATE. Nos quieren llevar a mayo cuando todos sabemos lo que estamos perdiendo de poder adquisitivo por la inflaci\u00f3n. Entre diciembre enero y febrero tuvimos m\u00e1s del 10%, esa proyecci\u00f3n nos da por encima del 40% para fin de a\u00f1o\u201d.<\/p>\n<p><img loading=\"lazy\" decoding=\"async\" class=\"aligncenter wp-image-6534\" src=\"http:\/\/www.atecordoba.org\/wp-content\/uploads\/2016\/03\/DSC_0354.jpg\" alt=\"DSC_0354\" width=\"550\" height=\"310\" \/><\/p>\n<p>La p\u00e9rdida de poder adquisitivo es la principal causa del malestar de los estatales que, sumado a los despidos, impulsa en clima de conflictividad que se vive en C\u00f3rdoba.<\/p>\n<p>La dirigente de ATE agrego, en ese sentido, que en la provincia \u201cnos viene ninguneando por a\u00f1os, dej\u00e1ndonos fuera de las negociaciones. Y dicen que no nos pueden convocar porque con ATE no van a llegar a un acuerdo. Compa\u00f1eros, a los trabajadores no nos hacen falta acuerdos sino una mesa de negociaci\u00f3n. Somos un gremio que jam\u00e1s estaremos sentados al lado de un gobierno provincial, ni nacional, ni municipal, como hacen otros gremios. Gracias a Dios ATE nunca va a tener una secretaria General que sea legisladora del mismo color pol\u00edtico que el gobierno de esta provincia\u201d.<\/p>\n<p><img loading=\"lazy\" decoding=\"async\" class=\"aligncenter size-full wp-image-6520\" src=\"http:\/\/www.atecordoba.org\/wp-content\/uploads\/2016\/03\/DSC_0401-e1458160598904.jpg\" alt=\"DSC_0401\" width=\"550\" height=\"309\" \/><\/p>\n<p>Y agrego: \u201cel gobierno provincial entreg\u00f3 una pauta salarial paup\u00e9rrima de 25% en dos tramos porque quieren andar congraci\u00e1ndose con el gobierno nacional, que no permite que el salario supere el 25% este a\u00f1o. Por otro lado, les dan el 15% de la coparticipaci\u00f3n y se supone que para fin de a\u00f1o este gobierno tendr\u00e1 m\u00e1s de 6 mil millones en sus arcas, por lo tanto no podemos entender como es tan escasa esta pauta salarial\u201d.<\/p>\n<p><img loading=\"lazy\" decoding=\"async\" class=\"aligncenter size-full wp-image-6535\" src=\"http:\/\/www.atecordoba.org\/wp-content\/uploads\/2016\/03\/miseria.png\" alt=\"miseria\" width=\"550\" height=\"412\" \/><\/p>\n<p>Salerno apunt\u00f3 a los despidos en la provincia. \u201cSobre el Ministerio de Desarrollo Social, como dijeron otros compa\u00f1eros, no se entiende que se suceda un gobierno a otro con el mismo color pol\u00edtico y se despidan trabajadores. \u00bfQu\u00e9 es lo que quieren hacer? Yo se los digo: quieren mantenernos asustados para que no salgamos a la calle a reclamar lo que nos corresponde, quieren disciplinarnos a los gremios, a las organizaciones sociales\u201d.<\/p>\n<p><img loading=\"lazy\" decoding=\"async\" class=\"aligncenter wp-image-6516 size-full\" src=\"http:\/\/www.atecordoba.org\/wp-content\/uploads\/2016\/03\/DSC_0373-e1458160707186.jpg\" alt=\"DSC_0373\" width=\"338\" height=\"600\" \/><\/p>\n<p>Hubo tiempo para acotar sobre la situaci\u00f3n nacional y la coyuntura de la negociaci\u00f3n con los fondos buitres, debate que se realiza en el Congreso Nacional. La secretaria General de ATE dijo que \u201clos gobiernos de las provincias est\u00e1n apurad\u00edsimos para que se cierre este tema de los fondos buitres, para salir a endeudarnos a mansalva. Les van a permitir que esas provincias se endeuden para que despu\u00e9s tengamos que pagar todos los trabajadores\u201d.<\/p>\n<p><img loading=\"lazy\" decoding=\"async\" class=\"aligncenter size-full wp-image-6521\" src=\"http:\/\/www.atecordoba.org\/wp-content\/uploads\/2016\/03\/DSC_0416-e1458160743586.jpg\" alt=\"DSC_0416\" width=\"550\" height=\"309\" \/><\/p>\n<p>\u201cMientras, las grandes empresas internacionales que est\u00e1n en el pa\u00eds reciben grandes beneficios. Resulta que nos quej\u00e1bamos con raz\u00f3n con el gobierno anterior por los errores que cometi\u00f3 pero este gobierno hace los mismos errores y m\u00e1s todav\u00eda y nos preguntan por qu\u00e9 salimos a la calle. Salimos porque tenemos la necesidad imperiosa de no perder ninguna de las conquistas de los trabajadores\u201d, a\u00f1adi\u00f3.<\/p>\n<p><img loading=\"lazy\" decoding=\"async\" class=\"aligncenter wp-image-6526\" src=\"http:\/\/www.atecordoba.org\/wp-content\/uploads\/2016\/03\/DSC_0434.jpg\" alt=\"DSC_0434\" width=\"549\" height=\"309\" \/><\/p>\n<p>Por \u00faltimo, la dirigente invit\u00f3 a los gremios presentes \u201ca que vengan a ATE para dialogar y ponernos de acuerdo en un mont\u00f3n de cosas que nos conciernen\u201d.<\/p>\n<p><img loading=\"lazy\" decoding=\"async\" class=\"aligncenter size-full wp-image-6536\" src=\"http:\/\/www.atecordoba.org\/wp-content\/uploads\/2016\/03\/DSC_0432-e1458160845530.jpg\" alt=\"DSC_0432\" width=\"550\" height=\"309\" \/><\/p>\n","protected":false},"excerpt":{"rendered":"<p>Con fuerte impacto en el Estado nacional y alto acatamiento en los sectores provinciales, se cumpli\u00f3 hoy el paro nacional dispuesto por ATE en todo el pa\u00eds. \u201cSi la pauta salarial es insuficiente, seguiremos en la calle\u201d, fue la consigna de ATE. Con abandono de tareas a media ma\u00f1ana, se inici\u00f3 hoy el paro nacional [&hellip;]<\/p>\n","protected":false},"author":1,"featured_media":19220,"comment_status":"open","ping_status":"open","sticky":false,"template":"","format":"standard","meta":{"_exactmetrics_skip_tracking":false,"_exactmetrics_sitenote_active":false,"_exactmetrics_sitenote_note":"","_exactmetrics_sitenote_category":0,"jnews-multi-image_gallery":[],"jnews_single_post":[],"jnews_primary_category":[],"jnews_social_meta":[],"jnews_review":[],"enable_review":"","type":"","name":"","summary":"","brand":"","sku":"","good":[],"bad":[],"score_override":"","override_value":"","rating":[],"price":[],"jnews_override_counter":[],"jnews_post_split":[],"footnotes":""},"categories":[7,20,18,21,8],"tags":[],"class_list":["post-6513","post","type-post","status-publish","format-standard","has-post-thumbnail","hentry","category-hospitales","category-municipales","category-nacionales","category-paro-nacional","category-provinciales"],"jetpack_featured_media_url":"https:\/\/atecordoba.org\/wp-content\/uploads\/2020\/05\/logo-nuevochico-e1561581322808.png","_links":{"self":[{"href":"https:\/\/atecordoba.org\/index.php?rest_route=\/wp\/v2\/posts\/6513","targetHints":{"allow":["GET"]}}],"collection":[{"href":"https:\/\/atecordoba.org\/index.php?rest_route=\/wp\/v2\/posts"}],"about":[{"href":"https:\/\/atecordoba.org\/index.php?rest_route=\/wp\/v2\/types\/post"}],"author":[{"embeddable":true,"href":"https:\/\/atecordoba.org\/index.php?rest_route=\/wp\/v2\/users\/1"}],"replies":[{"embeddable":true,"href":"https:\/\/atecordoba.org\/index.php?rest_route=%2Fwp%2Fv2%2Fcomments&post=6513"}],"version-history":[{"count":0,"href":"https:\/\/atecordoba.org\/index.php?rest_route=\/wp\/v2\/posts\/6513\/revisions"}],"wp:featuredmedia":[{"embeddable":true,"href":"https:\/\/atecordoba.org\/index.php?rest_route=\/wp\/v2\/media\/19220"}],"wp:attachment":[{"href":"https:\/\/atecordoba.org\/index.php?rest_route=%2Fwp%2Fv2%2Fmedia&parent=6513"}],"wp:term":[{"taxonomy":"category","embeddable":true,"href":"https:\/\/atecordoba.org\/index.php?rest_route=%2Fwp%2Fv2%2Fcategories&post=6513"},{"taxonomy":"post_tag","embeddable":true,"href":"https:\/\/atecordoba.org\/index.php?rest_route=%2Fwp%2Fv2%2Ftags&post=6513"}],"curies":[{"name":"wp","href":"https:\/\/api.w.org\/{rel}","templated":true}]}}