{"id":6505,"date":"2016-03-14T18:52:10","date_gmt":"2016-03-14T21:52:10","guid":{"rendered":"http:\/\/www.atecordoba.org\/?p=6505"},"modified":"2016-03-14T18:52:10","modified_gmt":"2016-03-14T21:52:10","slug":"la-mesa-nacional-de-ate-resolvio-una-jornada-nacional-de-protesta-el-miercoles-16-de-marzo","status":"publish","type":"post","link":"https:\/\/atecordoba.org\/?p=6505","title":{"rendered":"La mesa nacional de ATE resolvi\u00f3 una jornada nacional de protesta el mi\u00e9rcoles 16 de marzo"},"content":{"rendered":"<p><em>Los anunci\u00f3 el secretario General de ATE, Hugo Godoy, en conferencia de prensa. La medida fue decidida ante la falta de respuestas del gobierno nacional, y a requerimiento de las distintas provincias cuyos trabajadores sufren la imposici\u00f3n de m\u00edseros techos paritarios. En C\u00f3rdoba nos marcharemos por el centro de la ciudad.<\/em><\/p>\n<p><img loading=\"lazy\" decoding=\"async\" class=\"aligncenter size-full wp-image-6506\" src=\"http:\/\/www.atecordoba.org\/wp-content\/uploads\/2016\/03\/6723_1902-e1457992293144.jpg\" alt=\"6723_1902\" width=\"550\" height=\"366\" \/><\/p>\n<p>Con la presencia de los 24 secretarios generales provinciales de ATE , el Secretario General, Hugo Godoy, anunci\u00f3 la convocatoria a una jornada de nacional de lucha para el 16 de marzo.<\/p>\n<p>La mesa nacional analiz\u00f3\u00a0los resultados del paro del 24 de febrero, y ante la falta de respuestas del gobierno a los reclamos para que se adelante la paritaria nacional, sumado al intento de poner un techo en las discusiones paritarias en las provincias, y el reclamo por la reincorporaci\u00f3n de los despedidos.<\/p>\n<p>Mientras en provincia de Buenos Aires el paro se extender\u00e1 por 48 horas, al igual que en Mendoza, donde adem\u00e1s ATE moviliza\u00a0para repudiar\u00a0la golpiza que sufri\u00f3 un grupo de trabajadores de parte de una patota, cuando los cros protestaban frente al gobernador Cornejo.<\/p>\n<p>En C\u00f3rdoba, los trabajadores est\u00e1n realizando asambleas all\u00ed donde ATE cuenta con representaci\u00f3n sindical y la medida tendr\u00e1 la modalidad de abandono de tareas a las 9 horas y concentraci\u00f3n en nuestra sede para movilizarnos por el centro de la ciudad. Las seccionales, a su vez, resolver\u00e1n la modalidad de la jornada nacional de protesta.<\/p>\n","protected":false},"excerpt":{"rendered":"<p>Los anunci\u00f3 el secretario General de ATE, Hugo Godoy, en conferencia de prensa. La medida fue decidida ante la falta de respuestas del gobierno nacional, y a requerimiento de las distintas provincias cuyos trabajadores sufren la imposici\u00f3n de m\u00edseros techos paritarios. En C\u00f3rdoba nos marcharemos por el centro de la ciudad. Con la presencia de [&hellip;]<\/p>\n","protected":false},"author":1,"featured_media":19220,"comment_status":"open","ping_status":"open","sticky":false,"template":"","format":"standard","meta":{"_exactmetrics_skip_tracking":false,"_exactmetrics_sitenote_active":false,"_exactmetrics_sitenote_note":"","_exactmetrics_sitenote_category":0,"jnews-multi-image_gallery":[],"jnews_single_post":[],"jnews_primary_category":[],"jnews_social_meta":[],"jnews_review":[],"enable_review":"","type":"","name":"","summary":"","brand":"","sku":"","good":[],"bad":[],"score_override":"","override_value":"","rating":[],"price":[],"jnews_override_counter":[],"jnews_post_split":[],"footnotes":""},"categories":[18,21],"tags":[],"class_list":["post-6505","post","type-post","status-publish","format-standard","has-post-thumbnail","hentry","category-nacionales","category-paro-nacional"],"jetpack_featured_media_url":"https:\/\/atecordoba.org\/wp-content\/uploads\/2020\/05\/logo-nuevochico-e1561581322808.png","_links":{"self":[{"href":"https:\/\/atecordoba.org\/index.php?rest_route=\/wp\/v2\/posts\/6505","targetHints":{"allow":["GET"]}}],"collection":[{"href":"https:\/\/atecordoba.org\/index.php?rest_route=\/wp\/v2\/posts"}],"about":[{"href":"https:\/\/atecordoba.org\/index.php?rest_route=\/wp\/v2\/types\/post"}],"author":[{"embeddable":true,"href":"https:\/\/atecordoba.org\/index.php?rest_route=\/wp\/v2\/users\/1"}],"replies":[{"embeddable":true,"href":"https:\/\/atecordoba.org\/index.php?rest_route=%2Fwp%2Fv2%2Fcomments&post=6505"}],"version-history":[{"count":0,"href":"https:\/\/atecordoba.org\/index.php?rest_route=\/wp\/v2\/posts\/6505\/revisions"}],"wp:featuredmedia":[{"embeddable":true,"href":"https:\/\/atecordoba.org\/index.php?rest_route=\/wp\/v2\/media\/19220"}],"wp:attachment":[{"href":"https:\/\/atecordoba.org\/index.php?rest_route=%2Fwp%2Fv2%2Fmedia&parent=6505"}],"wp:term":[{"taxonomy":"category","embeddable":true,"href":"https:\/\/atecordoba.org\/index.php?rest_route=%2Fwp%2Fv2%2Fcategories&post=6505"},{"taxonomy":"post_tag","embeddable":true,"href":"https:\/\/atecordoba.org\/index.php?rest_route=%2Fwp%2Fv2%2Ftags&post=6505"}],"curies":[{"name":"wp","href":"https:\/\/api.w.org\/{rel}","templated":true}]}}