{"id":6499,"date":"2016-03-14T16:45:34","date_gmt":"2016-03-14T19:45:34","guid":{"rendered":"http:\/\/www.atecordoba.org\/?p=6499"},"modified":"2016-03-14T16:45:34","modified_gmt":"2016-03-14T19:45:34","slug":"continua-el-conflicto-en-relaciones-internacionales-de-la-unc","status":"publish","type":"post","link":"https:\/\/atecordoba.org\/?p=6499","title":{"rendered":"Contin\u00faa el conflicto en Relaciones Internacionales de la UNC"},"content":{"rendered":"<p><em>Los trabajadores del sector se movilizaron hoy para reclamar el fin de la precarizaci\u00f3n y el pase a planta de los contratados, paralizando el funcionamiento de la dependencia.<\/em><\/p>\n<p><img loading=\"lazy\" decoding=\"async\" class=\"aligncenter size-full wp-image-6500\" src=\"http:\/\/www.atecordoba.org\/wp-content\/uploads\/2016\/03\/071dc65b-3de9-4bb8-9b4d-9da68458fcaf-e1457984517270.jpg\" alt=\"071dc65b-3de9-4bb8-9b4d-9da68458fcaf\" width=\"550\" height=\"413\" \/><\/p>\n<p>Se trata de compa\u00f1eros que, en promedio, tienen seis a\u00f1os de contrato y est\u00e1n reclamando desde principios de febrero la mejora en la condici\u00f3n laboral, el reconocimiento funcional y la designaci\u00f3n de personal debido a la sobrecarga de trabajo.<\/p>\n<p>En ese marco, los trabajadores se movilizaron al Pabell\u00f3n Argentina para expresar su descontento y reclamar una pronta soluci\u00f3n al conflicto.<\/p>\n<p><img loading=\"lazy\" decoding=\"async\" class=\"aligncenter size-full wp-image-6502\" src=\"http:\/\/www.atecordoba.org\/wp-content\/uploads\/2016\/03\/copia-bien-e1457984673723.jpg\" alt=\"copia bien\" width=\"550\" height=\"309\" \/><\/p>\n<p>\u201cEste es un plan de lucha que ATE viene desarrollando en el sector, ante la falta de respuesta de las autoridades acorde a las demandas de los trabajadores. Los funcionarios conocen la situaci\u00f3n pero no nos han dado una soluci\u00f3n satisfactoria despu\u00e9s de un mes y medio de protestas. Tuvimos algunas audiencias pero seguimos a la espera de resultados concretos\u201d, explic\u00f3 Francisco Pavan, Prosecretario Gremial del Consejo Directivo Provincial.<\/p>\n<p><img loading=\"lazy\" decoding=\"async\" class=\"aligncenter size-full wp-image-6503\" src=\"http:\/\/www.atecordoba.org\/wp-content\/uploads\/2016\/03\/0d2c894d-b02c-45cd-9c5f-8de78b3ef47d-e1457984704104.jpg\" alt=\"0d2c894d-b02c-45cd-9c5f-8de78b3ef47d\" width=\"550\" height=\"330\" \/><\/p>\n<p>Los compa\u00f1eros, reunidos en asamblea, resolvieron dar continuidad al plan de lucha. Ma\u00f1ana martes realizar\u00e1n otra asamblea, en tanto el mi\u00e9rcoles cumplir\u00e1n el paro nacional de ATE. Si para el jueves las autoridades no dan una respuesta favorable a las demandas del sector, est\u00e1 previsto realizar otra movilizaci\u00f3n al Pabell\u00f3n Argentina.<\/p>\n","protected":false},"excerpt":{"rendered":"<p>Los trabajadores del sector se movilizaron hoy para reclamar el fin de la precarizaci\u00f3n y el pase a planta de los contratados, paralizando el funcionamiento de la dependencia. Se trata de compa\u00f1eros que, en promedio, tienen seis a\u00f1os de contrato y est\u00e1n reclamando desde principios de febrero la mejora en la condici\u00f3n laboral, el reconocimiento [&hellip;]<\/p>\n","protected":false},"author":1,"featured_media":19220,"comment_status":"open","ping_status":"open","sticky":false,"template":"","format":"standard","meta":{"_exactmetrics_skip_tracking":false,"_exactmetrics_sitenote_active":false,"_exactmetrics_sitenote_note":"","_exactmetrics_sitenote_category":0,"jnews-multi-image_gallery":[],"jnews_single_post":[],"jnews_primary_category":[],"jnews_social_meta":[],"jnews_review":[],"enable_review":"","type":"","name":"","summary":"","brand":"","sku":"","good":[],"bad":[],"score_override":"","override_value":"","rating":[],"price":[],"jnews_override_counter":[],"jnews_post_split":[],"footnotes":""},"categories":[18,89],"tags":[],"class_list":["post-6499","post","type-post","status-publish","format-standard","has-post-thumbnail","hentry","category-nacionales","category-unc"],"jetpack_featured_media_url":"https:\/\/atecordoba.org\/wp-content\/uploads\/2020\/05\/logo-nuevochico-e1561581322808.png","_links":{"self":[{"href":"https:\/\/atecordoba.org\/index.php?rest_route=\/wp\/v2\/posts\/6499","targetHints":{"allow":["GET"]}}],"collection":[{"href":"https:\/\/atecordoba.org\/index.php?rest_route=\/wp\/v2\/posts"}],"about":[{"href":"https:\/\/atecordoba.org\/index.php?rest_route=\/wp\/v2\/types\/post"}],"author":[{"embeddable":true,"href":"https:\/\/atecordoba.org\/index.php?rest_route=\/wp\/v2\/users\/1"}],"replies":[{"embeddable":true,"href":"https:\/\/atecordoba.org\/index.php?rest_route=%2Fwp%2Fv2%2Fcomments&post=6499"}],"version-history":[{"count":0,"href":"https:\/\/atecordoba.org\/index.php?rest_route=\/wp\/v2\/posts\/6499\/revisions"}],"wp:featuredmedia":[{"embeddable":true,"href":"https:\/\/atecordoba.org\/index.php?rest_route=\/wp\/v2\/media\/19220"}],"wp:attachment":[{"href":"https:\/\/atecordoba.org\/index.php?rest_route=%2Fwp%2Fv2%2Fmedia&parent=6499"}],"wp:term":[{"taxonomy":"category","embeddable":true,"href":"https:\/\/atecordoba.org\/index.php?rest_route=%2Fwp%2Fv2%2Fcategories&post=6499"},{"taxonomy":"post_tag","embeddable":true,"href":"https:\/\/atecordoba.org\/index.php?rest_route=%2Fwp%2Fv2%2Ftags&post=6499"}],"curies":[{"name":"wp","href":"https:\/\/api.w.org\/{rel}","templated":true}]}}