{"id":6485,"date":"2016-03-11T19:39:57","date_gmt":"2016-03-11T22:39:57","guid":{"rendered":"http:\/\/www.atecordoba.org\/?p=6485"},"modified":"2016-03-11T19:39:57","modified_gmt":"2016-03-11T22:39:57","slug":"anac-en-estado-de-alerto-y-movilizacion-en-defensa-de-la-estabilidad-laboral","status":"publish","type":"post","link":"https:\/\/atecordoba.org\/?p=6485","title":{"rendered":"ANAC en estado de alerto y movilizaci\u00f3n en defensa de la estabilidad laboral"},"content":{"rendered":"<p><em>En una multitudinaria asamblea realizada hoy en el Aeropuerto C\u00f3rdoba, los trabajadores de la ANAC se declararon en estado de alerta y movilizaci\u00f3n ante el proyecto del gobierno nacional de cambiar el r\u00e9gimen laboral para implementar la Ley de Contrato de Trabajo y eliminar la estabilidad de empleado p\u00fablico en el sector.\u00a0<\/em><\/p>\n<p><img loading=\"lazy\" decoding=\"async\" class=\"aligncenter size-full wp-image-6487\" src=\"http:\/\/www.atecordoba.org\/wp-content\/uploads\/2016\/03\/anac-foto-2-e1457735927314.jpg\" alt=\"anac foto 2\" width=\"550\" height=\"413\" \/><\/p>\n<p>&nbsp;<\/p>\n<p>Alrededor de 120 trabajadores de la Administraci\u00f3n Nacional de Aviaci\u00f3n Civil participaron de la convocatoria realizada por la coordinaci\u00f3n de ATE- ANAC para expresar su rechazo rotundo al proyecto oficial de modificar el r\u00e9gimen laboral del sector y eliminar la estabilidad laboral del empleado p\u00fablico.<\/p>\n<p>En la oportunidad estuvo presente el responsable coordinador nacional de la ANAC, Fernando Gatica, en el marco de una serie de asambleas que se desarrollan en distintos aeropuertos del pa\u00eds.<\/p>\n<p><img loading=\"lazy\" decoding=\"async\" class=\"aligncenter size-full wp-image-6488\" src=\"http:\/\/www.atecordoba.org\/wp-content\/uploads\/2016\/03\/anac-foto-1-1-e1457735957564.jpg\" alt=\"anac foto 1\" width=\"550\" height=\"413\" \/><\/p>\n<p>Como resultado de la reuni\u00f3n, los trabajadores se declararon en estado de alerta y movilizaci\u00f3n y confirmaron que delegados del sector participar\u00e1n de un plenario nacional que se desarrollar\u00e1 la semana que viene en la sede de Consejo Directivo Nacional.<\/p>\n<p>Vale se\u00f1alar que el sector est\u00e1 inmerso en un plan de lucha, desarrollando paros y diversas medidas de fuerza. Actualmente la ANAC se encuentra en una conciliaci\u00f3n obligatoria que finaliza la semana que viene, por lo que\u00a0en el plenario se resolver\u00e1 si el sector va a un paro nacional.<\/p>\n<p>&nbsp;<\/p>\n","protected":false},"excerpt":{"rendered":"<p>En una multitudinaria asamblea realizada hoy en el Aeropuerto C\u00f3rdoba, los trabajadores de la ANAC se declararon en estado de alerta y movilizaci\u00f3n ante el proyecto del gobierno nacional de cambiar el r\u00e9gimen laboral para implementar la Ley de Contrato de Trabajo y eliminar la estabilidad de empleado p\u00fablico en el sector.\u00a0 &nbsp; Alrededor de [&hellip;]<\/p>\n","protected":false},"author":1,"featured_media":19220,"comment_status":"open","ping_status":"open","sticky":false,"template":"","format":"standard","meta":{"_exactmetrics_skip_tracking":false,"_exactmetrics_sitenote_active":false,"_exactmetrics_sitenote_note":"","_exactmetrics_sitenote_category":0,"jnews-multi-image_gallery":[],"jnews_single_post":[],"jnews_primary_category":[],"jnews_social_meta":[],"jnews_review":[],"enable_review":"","type":"","name":"","summary":"","brand":"","sku":"","good":[],"bad":[],"score_override":"","override_value":"","rating":[],"price":[],"jnews_override_counter":[],"jnews_post_split":[],"footnotes":""},"categories":[18],"tags":[],"class_list":["post-6485","post","type-post","status-publish","format-standard","has-post-thumbnail","hentry","category-nacionales"],"jetpack_featured_media_url":"https:\/\/atecordoba.org\/wp-content\/uploads\/2020\/05\/logo-nuevochico-e1561581322808.png","_links":{"self":[{"href":"https:\/\/atecordoba.org\/index.php?rest_route=\/wp\/v2\/posts\/6485","targetHints":{"allow":["GET"]}}],"collection":[{"href":"https:\/\/atecordoba.org\/index.php?rest_route=\/wp\/v2\/posts"}],"about":[{"href":"https:\/\/atecordoba.org\/index.php?rest_route=\/wp\/v2\/types\/post"}],"author":[{"embeddable":true,"href":"https:\/\/atecordoba.org\/index.php?rest_route=\/wp\/v2\/users\/1"}],"replies":[{"embeddable":true,"href":"https:\/\/atecordoba.org\/index.php?rest_route=%2Fwp%2Fv2%2Fcomments&post=6485"}],"version-history":[{"count":0,"href":"https:\/\/atecordoba.org\/index.php?rest_route=\/wp\/v2\/posts\/6485\/revisions"}],"wp:featuredmedia":[{"embeddable":true,"href":"https:\/\/atecordoba.org\/index.php?rest_route=\/wp\/v2\/media\/19220"}],"wp:attachment":[{"href":"https:\/\/atecordoba.org\/index.php?rest_route=%2Fwp%2Fv2%2Fmedia&parent=6485"}],"wp:term":[{"taxonomy":"category","embeddable":true,"href":"https:\/\/atecordoba.org\/index.php?rest_route=%2Fwp%2Fv2%2Fcategories&post=6485"},{"taxonomy":"post_tag","embeddable":true,"href":"https:\/\/atecordoba.org\/index.php?rest_route=%2Fwp%2Fv2%2Ftags&post=6485"}],"curies":[{"name":"wp","href":"https:\/\/api.w.org\/{rel}","templated":true}]}}