{"id":6481,"date":"2016-03-11T18:57:13","date_gmt":"2016-03-11T21:57:13","guid":{"rendered":"http:\/\/www.atecordoba.org\/?p=6481"},"modified":"2016-03-11T18:57:13","modified_gmt":"2016-03-11T21:57:13","slug":"trabajadores-de-relaciones-internacionales-de-la-unc-realizan-un-plan-de-lucha-por-pase-a-planta-de-contratados","status":"publish","type":"post","link":"https:\/\/atecordoba.org\/?p=6481","title":{"rendered":"Trabajadores de Relaciones Internacionales de la UNC realizan un plan de lucha por pase a planta de contratados"},"content":{"rendered":"<p><em>Despu\u00e9s de\u00a0tres semanas un plan de lucha, con asambleas y medidas de fuerza\u00a0sorpresivas, los trabajadores realizar\u00e1n un paro el pr\u00f3ximo lunes reclamando el pase a planta de los contratados.\u00a0<\/em><\/p>\n<p><img loading=\"lazy\" decoding=\"async\" class=\"aligncenter size-full wp-image-6482\" src=\"http:\/\/www.atecordoba.org\/wp-content\/uploads\/2016\/03\/6674d9d7-7bde-456c-9fea-39c7d989b708-e1457732631399.jpg\" alt=\"6674d9d7-7bde-456c-9fea-39c7d989b708\" width=\"550\" height=\"917\" \/><\/p>\n<p>Se trata de trabajadores contratados que en algunos casos tienen m\u00e1s de seis a\u00f1os de sufrir esa situaci\u00f3n, que constituye un verdadero fraude laboral de parte de un organismo estatal.<\/p>\n<p>A pesar de las numerosas audiencias que los delegados de ATE mantuvieron con los funcionarios a cargo de \u00e1rea, las respuestas nunca alcanzan a dar soluci\u00f3n al problema planteado, que perdura en el tiempo. Tras realizar una asamblea hoy, los delegados no docentes de ATE informaron que el lunes el sector realizar\u00e1 un paro, con abandono de tareas a partir de las 11 horas y una volanteada\u00a0frente al Pabell\u00f3n Argentina.<\/p>\n<p><img loading=\"lazy\" decoding=\"async\" class=\"aligncenter size-full wp-image-6483\" src=\"http:\/\/www.atecordoba.org\/wp-content\/uploads\/2016\/03\/941699f0-e830-4aa9-8a26-ea0d0a0e8166-e1457733401198.jpg\" alt=\"941699f0-e830-4aa9-8a26-ea0d0a0e8166\" width=\"550\" height=\"978\" \/><\/p>\n<p>&nbsp;<\/p>\n<p>Los trabajadores denuncian serios problemas en sus condiciones de trabajo cotidianas, producto de la falta de reconocimiento de las funciones que desempe\u00f1an y de la carencia de personal en algunas \u00e1reas que torna imposible el control y normal desempe\u00f1o\u00a0de las tareas.<\/p>\n","protected":false},"excerpt":{"rendered":"<p>Despu\u00e9s de\u00a0tres semanas un plan de lucha, con asambleas y medidas de fuerza\u00a0sorpresivas, los trabajadores realizar\u00e1n un paro el pr\u00f3ximo lunes reclamando el pase a planta de los contratados.\u00a0 Se trata de trabajadores contratados que en algunos casos tienen m\u00e1s de seis a\u00f1os de sufrir esa situaci\u00f3n, que constituye un verdadero fraude laboral de parte [&hellip;]<\/p>\n","protected":false},"author":1,"featured_media":19220,"comment_status":"open","ping_status":"open","sticky":false,"template":"","format":"standard","meta":{"_exactmetrics_skip_tracking":false,"_exactmetrics_sitenote_active":false,"_exactmetrics_sitenote_note":"","_exactmetrics_sitenote_category":0,"jnews-multi-image_gallery":[],"jnews_single_post":[],"jnews_primary_category":[],"jnews_social_meta":[],"jnews_review":[],"enable_review":"","type":"","name":"","summary":"","brand":"","sku":"","good":[],"bad":[],"score_override":"","override_value":"","rating":[],"price":[],"jnews_override_counter":[],"jnews_post_split":[],"footnotes":""},"categories":[18,89],"tags":[],"class_list":["post-6481","post","type-post","status-publish","format-standard","has-post-thumbnail","hentry","category-nacionales","category-unc"],"jetpack_featured_media_url":"https:\/\/atecordoba.org\/wp-content\/uploads\/2020\/05\/logo-nuevochico-e1561581322808.png","_links":{"self":[{"href":"https:\/\/atecordoba.org\/index.php?rest_route=\/wp\/v2\/posts\/6481","targetHints":{"allow":["GET"]}}],"collection":[{"href":"https:\/\/atecordoba.org\/index.php?rest_route=\/wp\/v2\/posts"}],"about":[{"href":"https:\/\/atecordoba.org\/index.php?rest_route=\/wp\/v2\/types\/post"}],"author":[{"embeddable":true,"href":"https:\/\/atecordoba.org\/index.php?rest_route=\/wp\/v2\/users\/1"}],"replies":[{"embeddable":true,"href":"https:\/\/atecordoba.org\/index.php?rest_route=%2Fwp%2Fv2%2Fcomments&post=6481"}],"version-history":[{"count":0,"href":"https:\/\/atecordoba.org\/index.php?rest_route=\/wp\/v2\/posts\/6481\/revisions"}],"wp:featuredmedia":[{"embeddable":true,"href":"https:\/\/atecordoba.org\/index.php?rest_route=\/wp\/v2\/media\/19220"}],"wp:attachment":[{"href":"https:\/\/atecordoba.org\/index.php?rest_route=%2Fwp%2Fv2%2Fmedia&parent=6481"}],"wp:term":[{"taxonomy":"category","embeddable":true,"href":"https:\/\/atecordoba.org\/index.php?rest_route=%2Fwp%2Fv2%2Fcategories&post=6481"},{"taxonomy":"post_tag","embeddable":true,"href":"https:\/\/atecordoba.org\/index.php?rest_route=%2Fwp%2Fv2%2Ftags&post=6481"}],"curies":[{"name":"wp","href":"https:\/\/api.w.org\/{rel}","templated":true}]}}