{"id":6476,"date":"2016-03-11T07:53:51","date_gmt":"2016-03-11T10:53:51","guid":{"rendered":"http:\/\/www.atecordoba.org\/?p=6476"},"modified":"2016-03-11T07:53:51","modified_gmt":"2016-03-11T10:53:51","slug":"paro-de-provinciales-se-traslada-al-miercoles-16-de-marzo","status":"publish","type":"post","link":"https:\/\/atecordoba.org\/?p=6476","title":{"rendered":"\u00a0Paro de Provinciales se traslada al mi\u00e9rcoles 16 de marzo"},"content":{"rendered":"<div style=\"text-align: left;\"><em>En una reuni\u00f3n llevada a cabo ayer por la noche, el Consejo Directivo Provincial traslad\u00f3 el paro provincial de los trabajadores empleados p\u00fablicos para el mi\u00e9rcoles 16 de marzo pr\u00f3ximo. La resoluci\u00f3n obedece a la necesidad de unificar la medida con la Jornada Nacional de Protesta que decret\u00f3 el Consejo Directivo Nacional para esa fecha.<\/em><\/div>\n<div style=\"text-align: left;\"><img loading=\"lazy\" decoding=\"async\" class=\"aligncenter size-full wp-image-6461\" src=\"http:\/\/www.atecordoba.org\/wp-content\/uploads\/2016\/03\/paro-ilustracion-e1457642832119.jpg\" alt=\"paro ilustracion\" width=\"550\" height=\"432\" \/><\/div>\n<div style=\"text-align: left;\">Vale se\u00f1alar que ATE resolvi\u00f3 ayer convocar a paro provincial de trabajadores p\u00fablicos tras realizarse\u00a0asambleas en todos los sectores de trabajo, donde los trabajadores expresaron un profundo malestar ante la exigua pauta salarial para el corriente a\u00f1o que el gobierno dej\u00f3 trascender en los medios de comunicaci\u00f3n.<\/p>\n<p style=\"color: #000000; font-family: arial, helvetica, sans-serif; font-size: 16px; font-style: normal; font-variant: normal; font-weight: normal; letter-spacing: normal; line-height: normal; orphans: auto; text-align: start; text-indent: 0px; text-transform: none; white-space: normal; widows: 1; word-spacing: 0px; -webkit-text-stroke-width: 0px; margin: 0px; background-color: #ffffff;\">En tanto ATE no fue convocado a participar de ninguna mesa de discusi\u00f3n salarial, los trabajadores reclamaron que el gobierno provincial convoque a nuestra organizaci\u00f3n sindical para definir un aumento de haberes, que compense la ca\u00edda del poder adquisitivo del \u00faltimo a\u00f1o y la proyecci\u00f3n para el 2016.<\/p>\n<p style=\"color: #000000; font-family: arial, helvetica, sans-serif; font-size: 16px; font-style: normal; font-variant: normal; font-weight: normal; letter-spacing: normal; line-height: normal; orphans: auto; text-align: start; text-indent: 0px; text-transform: none; white-space: normal; widows: 1; word-spacing: 0px; -webkit-text-stroke-width: 0px; margin: 0px; background-color: #ffffff;\">En tanto, hoy\u00a0continuar\u00e1n las asambleas en todos los sectores que desarrollan el plan de lucha de ATE<\/p>\n<\/div>\n","protected":false},"excerpt":{"rendered":"<p>En una reuni\u00f3n llevada a cabo ayer por la noche, el Consejo Directivo Provincial traslad\u00f3 el paro provincial de los trabajadores empleados p\u00fablicos para el mi\u00e9rcoles 16 de marzo pr\u00f3ximo. La resoluci\u00f3n obedece a la necesidad de unificar la medida con la Jornada Nacional de Protesta que decret\u00f3 el Consejo Directivo Nacional para esa fecha. [&hellip;]<\/p>\n","protected":false},"author":1,"featured_media":19220,"comment_status":"open","ping_status":"open","sticky":false,"template":"","format":"standard","meta":{"_exactmetrics_skip_tracking":false,"_exactmetrics_sitenote_active":false,"_exactmetrics_sitenote_note":"","_exactmetrics_sitenote_category":0,"jnews-multi-image_gallery":[],"jnews_single_post":[],"jnews_primary_category":[],"jnews_social_meta":[],"jnews_review":[],"enable_review":"","type":"","name":"","summary":"","brand":"","sku":"","good":[],"bad":[],"score_override":"","override_value":"","rating":[],"price":[],"jnews_override_counter":[],"jnews_post_split":[],"footnotes":""},"categories":[7,8],"tags":[],"class_list":["post-6476","post","type-post","status-publish","format-standard","has-post-thumbnail","hentry","category-hospitales","category-provinciales"],"jetpack_featured_media_url":"https:\/\/atecordoba.org\/wp-content\/uploads\/2020\/05\/logo-nuevochico-e1561581322808.png","_links":{"self":[{"href":"https:\/\/atecordoba.org\/index.php?rest_route=\/wp\/v2\/posts\/6476","targetHints":{"allow":["GET"]}}],"collection":[{"href":"https:\/\/atecordoba.org\/index.php?rest_route=\/wp\/v2\/posts"}],"about":[{"href":"https:\/\/atecordoba.org\/index.php?rest_route=\/wp\/v2\/types\/post"}],"author":[{"embeddable":true,"href":"https:\/\/atecordoba.org\/index.php?rest_route=\/wp\/v2\/users\/1"}],"replies":[{"embeddable":true,"href":"https:\/\/atecordoba.org\/index.php?rest_route=%2Fwp%2Fv2%2Fcomments&post=6476"}],"version-history":[{"count":0,"href":"https:\/\/atecordoba.org\/index.php?rest_route=\/wp\/v2\/posts\/6476\/revisions"}],"wp:featuredmedia":[{"embeddable":true,"href":"https:\/\/atecordoba.org\/index.php?rest_route=\/wp\/v2\/media\/19220"}],"wp:attachment":[{"href":"https:\/\/atecordoba.org\/index.php?rest_route=%2Fwp%2Fv2%2Fmedia&parent=6476"}],"wp:term":[{"taxonomy":"category","embeddable":true,"href":"https:\/\/atecordoba.org\/index.php?rest_route=%2Fwp%2Fv2%2Fcategories&post=6476"},{"taxonomy":"post_tag","embeddable":true,"href":"https:\/\/atecordoba.org\/index.php?rest_route=%2Fwp%2Fv2%2Ftags&post=6476"}],"curies":[{"name":"wp","href":"https:\/\/api.w.org\/{rel}","templated":true}]}}