{"id":6454,"date":"2016-03-09T18:35:27","date_gmt":"2016-03-09T21:35:27","guid":{"rendered":"http:\/\/www.atecordoba.org\/?p=6454"},"modified":"2020-06-09T15:39:24","modified_gmt":"2020-06-09T18:39:24","slug":"ate-presente-en-la-marcha-por-el-dia-internacional-de-la-mujer","status":"publish","type":"post","link":"https:\/\/atecordoba.org\/?p=6454","title":{"rendered":"ATE, presente en la marcha por el D\u00eda Internacional de la Mujer"},"content":{"rendered":"<p><em>Una delegaci\u00f3n de nuestro gremio particip\u00f3 en la multitudinaria marcha en conmemoraci\u00f3n por el D\u00eda de la Mujer.<\/em><\/p>\n<p><img loading=\"lazy\" decoding=\"async\" class=\"aligncenter size-full wp-image-6455\" src=\"http:\/\/atecordoba.org\/wp-content\/uploads\/2020\/06\/IMG-20160309-WA0004-e1457559144628.jpg\" alt=\"IMG-20160309-WA0004\" width=\"550\" height=\"330\" \/><\/p>\n<p>Bajo la consigna &#8216;Ni una menos&#8217;, una gran multitud se moviliz\u00f3 ayer por las calles de C\u00f3rdoba en reclamo de pol\u00edticas activas contra los feminicidios. Para ATE es clave destacar la falta de paridad en la situaci\u00f3n de laboral de las mujeres en relaci\u00f3n a los hombres, tanto en el Estado como en el sector privado.<\/p>\n<p><img loading=\"lazy\" decoding=\"async\" class=\"aligncenter size-full wp-image-6456\" src=\"http:\/\/atecordoba.org\/wp-content\/uploads\/2020\/06\/IMG-20160309-WA0002-e1457559183182.jpg\" alt=\"IMG-20160309-WA0002\" width=\"550\" height=\"344\" \/><\/p>\n<p>La delegaci\u00f3n de ATE estuvo encabezada por el Secretario Administrativo, Walter Secondino, acompa\u00f1ado por miembros de comisi\u00f3n directiva, delegados y activistas.<\/p>\n<p><img loading=\"lazy\" decoding=\"async\" class=\"aligncenter size-full wp-image-6457\" src=\"http:\/\/atecordoba.org\/wp-content\/uploads\/2020\/06\/reunion-mujeres-e1457559232199.jpg\" alt=\"reunion mujeres\" width=\"550\" height=\"413\" \/><\/p>\n<p>En tanto, por la ma\u00f1ana, en la sede de nuestro gremio se realiz\u00f3 un homenaje a nuestras afiliadas en la figura de las delegadas provinciales que se reunieron para debatir la situaci\u00f3n del sector.<\/p>\n","protected":false},"excerpt":{"rendered":"<p>Una delegaci\u00f3n de nuestro gremio particip\u00f3 en la multitudinaria marcha en conmemoraci\u00f3n por el D\u00eda de la Mujer. Bajo la consigna &#8216;Ni una menos&#8217;, una gran multitud se moviliz\u00f3 ayer por las calles de C\u00f3rdoba en reclamo de pol\u00edticas activas contra los feminicidios. Para ATE es clave destacar la falta de paridad en la situaci\u00f3n [&hellip;]<\/p>\n","protected":false},"author":1,"featured_media":19220,"comment_status":"open","ping_status":"open","sticky":false,"template":"","format":"standard","meta":{"_exactmetrics_skip_tracking":false,"_exactmetrics_sitenote_active":false,"_exactmetrics_sitenote_note":"","_exactmetrics_sitenote_category":0,"jnews-multi-image_gallery":[],"jnews_single_post":[],"jnews_primary_category":[],"jnews_social_meta":[],"jnews_review":[],"enable_review":"","type":"","name":"","summary":"","brand":"","sku":"","good":[],"bad":[],"score_override":"","override_value":"","rating":[],"price":[],"jnews_override_counter":[],"jnews_post_split":[],"footnotes":""},"categories":[325],"tags":[],"class_list":["post-6454","post","type-post","status-publish","format-standard","has-post-thumbnail","hentry","category-generos-y-diversidades"],"jetpack_featured_media_url":"https:\/\/atecordoba.org\/wp-content\/uploads\/2020\/05\/logo-nuevochico-e1561581322808.png","_links":{"self":[{"href":"https:\/\/atecordoba.org\/index.php?rest_route=\/wp\/v2\/posts\/6454","targetHints":{"allow":["GET"]}}],"collection":[{"href":"https:\/\/atecordoba.org\/index.php?rest_route=\/wp\/v2\/posts"}],"about":[{"href":"https:\/\/atecordoba.org\/index.php?rest_route=\/wp\/v2\/types\/post"}],"author":[{"embeddable":true,"href":"https:\/\/atecordoba.org\/index.php?rest_route=\/wp\/v2\/users\/1"}],"replies":[{"embeddable":true,"href":"https:\/\/atecordoba.org\/index.php?rest_route=%2Fwp%2Fv2%2Fcomments&post=6454"}],"version-history":[{"count":1,"href":"https:\/\/atecordoba.org\/index.php?rest_route=\/wp\/v2\/posts\/6454\/revisions"}],"predecessor-version":[{"id":20014,"href":"https:\/\/atecordoba.org\/index.php?rest_route=\/wp\/v2\/posts\/6454\/revisions\/20014"}],"wp:featuredmedia":[{"embeddable":true,"href":"https:\/\/atecordoba.org\/index.php?rest_route=\/wp\/v2\/media\/19220"}],"wp:attachment":[{"href":"https:\/\/atecordoba.org\/index.php?rest_route=%2Fwp%2Fv2%2Fmedia&parent=6454"}],"wp:term":[{"taxonomy":"category","embeddable":true,"href":"https:\/\/atecordoba.org\/index.php?rest_route=%2Fwp%2Fv2%2Fcategories&post=6454"},{"taxonomy":"post_tag","embeddable":true,"href":"https:\/\/atecordoba.org\/index.php?rest_route=%2Fwp%2Fv2%2Ftags&post=6454"}],"curies":[{"name":"wp","href":"https:\/\/api.w.org\/{rel}","templated":true}]}}