{"id":6451,"date":"2016-03-09T18:01:35","date_gmt":"2016-03-09T21:01:35","guid":{"rendered":"http:\/\/www.atecordoba.org\/?p=6451"},"modified":"2016-03-09T18:01:35","modified_gmt":"2016-03-09T21:01:35","slug":"rechazo-a-la-pauta-salarial-provincial-manana-continuan-las-asambleas","status":"publish","type":"post","link":"https:\/\/atecordoba.org\/?p=6451","title":{"rendered":"Rechazo a la pauta salarial provincial: ma\u00f1ana contin\u00faan las asambleas"},"content":{"rendered":"<p><em>Con amplio acatamiento se cumpli\u00f3 hoy la jornada de asambleas en los hospitales provinciales. Los trabajadores se expresaron de manera contundente en rechazo de la pauta oficial y votaron mantener el estado de asamblea.<\/em><\/p>\n<p><img loading=\"lazy\" decoding=\"async\" class=\"aligncenter size-full wp-image-6452\" src=\"http:\/\/www.atecordoba.org\/wp-content\/uploads\/2016\/03\/0d33b1f9-6325-4290-a5f1-90992af2502b-e1457557242122.jpg\" alt=\"0d33b1f9-6325-4290-a5f1-90992af2502b\" width=\"550\" height=\"309\" \/><\/p>\n<p>Tras lo resuelto por la Comisi\u00f3n Directiva de ATE y el cuerpo de delegados provincial ayer, los trabajadores de los hospitales provinciales de C\u00f3rdoba Capital respondieron masivamente y realizaron asambleas de dos horas por turno.<\/p>\n<p><span>Tanto el Misericordia, como el Tr\u00e1nsito C\u00e1ceres de Allende, el Neonatal, el C\u00f3rdoba y la Maternidad Provincial se pronunciaron en contra de la pauta de haberes que dej\u00f3 trascender el gobierno de Schiaretti, con nutrida respuesta de los trabajadores al llamamiento de ATE de debatir la situaci\u00f3n salarial. En el mismo sentido se expresaron los compa\u00f1eros del Polo Sanitario, \u00a0reunidos en el hospital Rawson y los trabajadores de la manzana psiqui\u00e1trica: la Casa del joven, el Ipad y el hospital Neuropsiqui\u00e1trico.<\/span><\/p>\n<p><span>Para ma\u00f1ana est\u00e1 previsto continuar con las medidas de fuerza a partir de las 9 horas. Estar\u00e1n garantizada la atenci\u00f3n de urgencias y emergencias. ATE reclama un aumento de emergencia de 5000 pesos a cuenta de futuros aumentos para todos los trabajadores de la provincia.<\/span><\/p>\n<p><strong>Ministerio de Educaci\u00f3n<\/strong><\/p>\n<p><span>Por su parte, la Direcci\u00f3n de Administraci\u00f3n del Ministerio de Educaci\u00f3n tambi\u00e9n llev\u00f3 a cabo una nueva jornada de asambleas, en el turno ma\u00f1ana y tarde, en reclamo de apertura de paritarias, m\u00e1s diversos problemas del sector que se arrastran de larga data y sin soluci\u00f3n por parte de las autoridades del organismo.<\/span><\/p>\n<p><img loading=\"lazy\" decoding=\"async\" class=\"aligncenter size-full wp-image-6435\" src=\"http:\/\/www.atecordoba.org\/wp-content\/uploads\/2016\/03\/DSC_0253-e1457042579768.jpg\" alt=\"DSC_0253\" width=\"550\" height=\"309\" \/><\/p>\n<p><span>All\u00ed, la asamblea dar\u00e1 inicio a las 11, para la ma\u00f1ana, y a las 15, en el turno tarde. Los trabajadores se mantienen en conflicto desde mediados de febrero.<\/span><\/p>\n<p>&nbsp;<\/p>\n<p>&nbsp;<\/p>\n","protected":false},"excerpt":{"rendered":"<p>Con amplio acatamiento se cumpli\u00f3 hoy la jornada de asambleas en los hospitales provinciales. Los trabajadores se expresaron de manera contundente en rechazo de la pauta oficial y votaron mantener el estado de asamblea. Tras lo resuelto por la Comisi\u00f3n Directiva de ATE y el cuerpo de delegados provincial ayer, los trabajadores de los hospitales [&hellip;]<\/p>\n","protected":false},"author":1,"featured_media":19220,"comment_status":"open","ping_status":"open","sticky":false,"template":"","format":"standard","meta":{"_exactmetrics_skip_tracking":false,"_exactmetrics_sitenote_active":false,"_exactmetrics_sitenote_note":"","_exactmetrics_sitenote_category":0,"jnews-multi-image_gallery":[],"jnews_single_post":[],"jnews_primary_category":[],"jnews_social_meta":[],"jnews_review":[],"enable_review":"","type":"","name":"","summary":"","brand":"","sku":"","good":[],"bad":[],"score_override":"","override_value":"","rating":[],"price":[],"jnews_override_counter":[],"jnews_post_split":[],"footnotes":""},"categories":[7,8],"tags":[],"class_list":["post-6451","post","type-post","status-publish","format-standard","has-post-thumbnail","hentry","category-hospitales","category-provinciales"],"jetpack_featured_media_url":"https:\/\/atecordoba.org\/wp-content\/uploads\/2020\/05\/logo-nuevochico-e1561581322808.png","_links":{"self":[{"href":"https:\/\/atecordoba.org\/index.php?rest_route=\/wp\/v2\/posts\/6451","targetHints":{"allow":["GET"]}}],"collection":[{"href":"https:\/\/atecordoba.org\/index.php?rest_route=\/wp\/v2\/posts"}],"about":[{"href":"https:\/\/atecordoba.org\/index.php?rest_route=\/wp\/v2\/types\/post"}],"author":[{"embeddable":true,"href":"https:\/\/atecordoba.org\/index.php?rest_route=\/wp\/v2\/users\/1"}],"replies":[{"embeddable":true,"href":"https:\/\/atecordoba.org\/index.php?rest_route=%2Fwp%2Fv2%2Fcomments&post=6451"}],"version-history":[{"count":0,"href":"https:\/\/atecordoba.org\/index.php?rest_route=\/wp\/v2\/posts\/6451\/revisions"}],"wp:featuredmedia":[{"embeddable":true,"href":"https:\/\/atecordoba.org\/index.php?rest_route=\/wp\/v2\/media\/19220"}],"wp:attachment":[{"href":"https:\/\/atecordoba.org\/index.php?rest_route=%2Fwp%2Fv2%2Fmedia&parent=6451"}],"wp:term":[{"taxonomy":"category","embeddable":true,"href":"https:\/\/atecordoba.org\/index.php?rest_route=%2Fwp%2Fv2%2Fcategories&post=6451"},{"taxonomy":"post_tag","embeddable":true,"href":"https:\/\/atecordoba.org\/index.php?rest_route=%2Fwp%2Fv2%2Ftags&post=6451"}],"curies":[{"name":"wp","href":"https:\/\/api.w.org\/{rel}","templated":true}]}}