{"id":6445,"date":"2016-03-07T19:08:26","date_gmt":"2016-03-07T22:08:26","guid":{"rendered":"http:\/\/www.atecordoba.org\/?p=6445"},"modified":"2020-06-09T15:39:27","modified_gmt":"2020-06-09T18:39:27","slug":"manana-8-de-marzo-dia-de-la-mujer-companeras-unidas-en-el-compromiso-por-el-salario-digno-y-las-fuentes-de-trabajo","status":"publish","type":"post","link":"https:\/\/atecordoba.org\/?p=6445","title":{"rendered":"Ma\u00f1ana 8 de marzo, D\u00eda de la Mujer: \u201cCompa\u00f1eras, unidas en el compromiso por el salario digno y las fuentes de trabajo\u201d"},"content":{"rendered":"<p><em>Por conmemorarse ma\u00f1ana 8 de marzo, el D\u00eda de la Mujer, el Consejo Directivo Provincial env\u00eda un c\u00e1lido y fraternal saludo a todas las mujeres, recordando especialmente a aquellas trabajadoras que en 1908 sacrificaron su vida en el marco de una lucha sindical para crecer en derechos laborales y de g\u00e9nero.<\/em><\/p>\n<p><img loading=\"lazy\" decoding=\"async\" class=\"aligncenter size-full wp-image-6045\" src=\"http:\/\/atecordoba.org\/wp-content\/uploads\/2020\/06\/ATE-ni-una-menos.png\" alt=\"ATE ni una menos\" width=\"359\" height=\"272\" \/><\/p>\n<p>Tambi\u00e9n recordamos a las primeras trabajadoras empleadas dom\u00e9sticas que en 1891 llevaron a cabo la primera huelga realizada por mujeres en el pa\u00eds. De la misma forma, vale traer a la memoria a las costureras tucumanas que en 1936 resolvieron la huelga que derivar\u00eda posteriormente en la primer Ley de Trabajo a Domicilio.<\/p>\n<p>Las mujeres siempre tuvieron un papel destacado en la lucha del movimiento obrero, la mayor\u00eda de las veces invisibilizado, y ma\u00f1ana ser\u00e1 un momento de traer al presente esa hist\u00f3rica, sobre todo en momentos que miles de mujeres trabajadoras estatales pierden sus puestos de trabajo, muchas de ellas cabezas de familia.<\/p>\n<p>Mientras tanto el Estado mantiene la precarizaci\u00f3n laboral que pone en riesgo permanente la estabilidad laboral y que el gobierno actual, en base a la pol\u00edtica que despleg\u00f3 el gobierno anterior en la materia, utiliza como herramienta y excusa para achicar la estructura de Estado, pisotear derechos adquiridos de las trabajadoras y los trabajadores.<\/p>\n<p>En ese marco, invitamos a todos nuestros afiliados a festejar ma\u00f1ana y valorar el papel de las mujeres en la sociedad y en el lugar de trabajo, teniendo presente la historia que nos precede al movimiento obrero y a comprometernos para eliminar las diferencias de g\u00e9nero, as\u00ed como de cualquier tipo de violencia, entre hombres y mujeres.<\/p>\n<p style=\"text-align: center;\"><strong>\u00a1Feliz D\u00eda Compa\u00f1eras!<\/strong><\/p>\n<p style=\"text-align: right;\">Mar\u00eda Liliana Salerno<\/p>\n<p style=\"text-align: right;\">Secretaria General<\/p>\n<p>&nbsp;<\/p>\n","protected":false},"excerpt":{"rendered":"<p>Por conmemorarse ma\u00f1ana 8 de marzo, el D\u00eda de la Mujer, el Consejo Directivo Provincial env\u00eda un c\u00e1lido y fraternal saludo a todas las mujeres, recordando especialmente a aquellas trabajadoras que en 1908 sacrificaron su vida en el marco de una lucha sindical para crecer en derechos laborales y de g\u00e9nero. Tambi\u00e9n recordamos a las [&hellip;]<\/p>\n","protected":false},"author":1,"featured_media":19220,"comment_status":"open","ping_status":"open","sticky":false,"template":"","format":"standard","meta":{"_exactmetrics_skip_tracking":false,"_exactmetrics_sitenote_active":false,"_exactmetrics_sitenote_note":"","_exactmetrics_sitenote_category":0,"jnews-multi-image_gallery":[],"jnews_single_post":[],"jnews_primary_category":[],"jnews_social_meta":[],"jnews_review":[],"enable_review":"","type":"","name":"","summary":"","brand":"","sku":"","good":[],"bad":[],"score_override":"","override_value":"","rating":[],"price":[],"jnews_override_counter":[],"jnews_post_split":[],"footnotes":""},"categories":[53,325],"tags":[],"class_list":["post-6445","post","type-post","status-publish","format-standard","has-post-thumbnail","hentry","category-comunicados-de-prensa","category-generos-y-diversidades"],"jetpack_featured_media_url":"https:\/\/atecordoba.org\/wp-content\/uploads\/2020\/05\/logo-nuevochico-e1561581322808.png","_links":{"self":[{"href":"https:\/\/atecordoba.org\/index.php?rest_route=\/wp\/v2\/posts\/6445","targetHints":{"allow":["GET"]}}],"collection":[{"href":"https:\/\/atecordoba.org\/index.php?rest_route=\/wp\/v2\/posts"}],"about":[{"href":"https:\/\/atecordoba.org\/index.php?rest_route=\/wp\/v2\/types\/post"}],"author":[{"embeddable":true,"href":"https:\/\/atecordoba.org\/index.php?rest_route=\/wp\/v2\/users\/1"}],"replies":[{"embeddable":true,"href":"https:\/\/atecordoba.org\/index.php?rest_route=%2Fwp%2Fv2%2Fcomments&post=6445"}],"version-history":[{"count":1,"href":"https:\/\/atecordoba.org\/index.php?rest_route=\/wp\/v2\/posts\/6445\/revisions"}],"predecessor-version":[{"id":20016,"href":"https:\/\/atecordoba.org\/index.php?rest_route=\/wp\/v2\/posts\/6445\/revisions\/20016"}],"wp:featuredmedia":[{"embeddable":true,"href":"https:\/\/atecordoba.org\/index.php?rest_route=\/wp\/v2\/media\/19220"}],"wp:attachment":[{"href":"https:\/\/atecordoba.org\/index.php?rest_route=%2Fwp%2Fv2%2Fmedia&parent=6445"}],"wp:term":[{"taxonomy":"category","embeddable":true,"href":"https:\/\/atecordoba.org\/index.php?rest_route=%2Fwp%2Fv2%2Fcategories&post=6445"},{"taxonomy":"post_tag","embeddable":true,"href":"https:\/\/atecordoba.org\/index.php?rest_route=%2Fwp%2Fv2%2Ftags&post=6445"}],"curies":[{"name":"wp","href":"https:\/\/api.w.org\/{rel}","templated":true}]}}