{"id":6443,"date":"2016-03-04T14:56:27","date_gmt":"2016-03-04T17:56:27","guid":{"rendered":"http:\/\/www.atecordoba.org\/?p=6443"},"modified":"2016-03-04T14:56:27","modified_gmt":"2016-03-04T17:56:27","slug":"ate-denuncia-el-secuestro-del-hijo-de-silvia-leon-secretaria-de-organizacion-del-consejo-directivo-nacional","status":"publish","type":"post","link":"https:\/\/atecordoba.org\/?p=6443","title":{"rendered":"ATE denuncia el secuestro del hijo de Silvia Le\u00f3n, secretaria de Organizaci\u00f3n del Consejo Directivo Nacional"},"content":{"rendered":"<p><em>El hijo de la Secretaria de Organizaci\u00f3n de ATE, fue secuestrado y desplazado en un auto durante cuatro horas. Los responsables se identificaron como polic\u00edas de Drogas Peligrosas. Se exige a las autoridades nacionales y provinciales que se investigue y castigue a los culpables.<\/em><\/p>\n<p><img loading=\"lazy\" decoding=\"async\" class=\"aligncenter size-full wp-image-5156\" src=\"http:\/\/www.atecordoba.org\/wp-content\/uploads\/2015\/04\/ate-bombo.jpg\" alt=\"ate bombo\" width=\"300\" height=\"204\" \/><\/p>\n<p><span style=\"font-style: inherit; font-weight: inherit;\"><span style=\"font-style: inherit; font-weight: inherit;\">El pasado viernes 26 de febrero, a las 18hs, dos personas intercedieron al joven de 20 a\u00f1os junto a un amigo, se presentaron como polic\u00edas, luego los secuestraron y lo trasladaron en un auto por varias zonas de Capital Federal y provincia de Buenos Aires. Incluso fueron hasta La Plata y volvieron pasando por los peajes.<\/span><\/span><\/p>\n<p><span style=\"font-style: inherit; font-weight: inherit;\"><span style=\"font-style: inherit; font-weight: inherit;\">Durante todo ese tiempo, uno de los asaltantes se dirigi\u00f3 al domicilio del joven y la dirigente gremial, asaltaron la vivienda y robaron dinero. \u00a0<\/span><\/span><\/p>\n<p><span style=\"font-style: inherit; font-weight: inherit;\"><span style=\"font-style: inherit; font-weight: inherit;\">Ante esto, la Asociaci\u00f3n de Trabajadores del Estado se comunic\u00f3 con el Secretario de Seguridad de la Provincia de Buenos Aires, Cristian Ritondo y con Gerardo Milman, Secretario de Seguridad Interior de la Naci\u00f3n para que se esclarezca el hecho.<\/span><\/span><\/p>\n<p><span style=\"font-style: inherit; font-weight: inherit;\"><span style=\"font-style: inherit; font-weight: inherit;\">Esta tarde, en conferencia de prensa, Hugo \u201cCachorro\u201d Godoy, Secretario General de ATE nacional, se\u00f1al\u00f3 que \u201cno tenemos a qui\u00e9n acusar ni hip\u00f3tesis de qui\u00e9nes fueron los responsables de esos hechos, pero es evidente que sucede en un momento donde nuestra organizaci\u00f3n est\u00e1 protagonizando importantes acciones en defensa de los trabajadores\u201d.<\/span><\/span><\/p>\n<p><span style=\"font-style: inherit; font-weight: inherit;\"><span style=\"font-style: inherit; font-weight: inherit;\">En ese tono, subray\u00f3 que \u201cnuestra Secretaria de Organizaci\u00f3n fue una de las referentes, junto a otros compa\u00f1eros, de los diferentes planteos que venimos haciendo p\u00fablicamente como organizaci\u00f3n\u201d.<\/span><\/span><\/p>\n<p><span style=\"font-style: inherit; font-weight: inherit;\"><span style=\"font-style: inherit; font-weight: inherit;\">Tambi\u00e9n sostuvo que \u201cestas personas se manejaron con absoluta impunidad, con autos de apoyo, recorriendo calles de la Capital Federal y la provincia de Buenos Aires pasando\u00a0 por lugares que tienen c\u00e1mara de video como los peajes o la propia casa de Silvia porque vive frente a un banco\u201d.<\/span><\/span><\/p>\n<p><span style=\"font-style: inherit; font-weight: inherit;\"><span style=\"font-style: inherit; font-weight: inherit;\">\u201cAnte tanta impunidad\u00a0 y tanto operativo puesto en escena evidentemente la intenci\u00f3n no era robar, por lo tanto, en defensa y en protecci\u00f3n de las personas que fueron secuestradas y de Silvia, le pedimos a las autoridades nacionales y provinciales para que se investigue y se castigue a los responsables de este hecho\u201d.<\/span><\/span><\/p>\n","protected":false},"excerpt":{"rendered":"<p>El hijo de la Secretaria de Organizaci\u00f3n de ATE, fue secuestrado y desplazado en un auto durante cuatro horas. Los responsables se identificaron como polic\u00edas de Drogas Peligrosas. Se exige a las autoridades nacionales y provinciales que se investigue y castigue a los culpables. El pasado viernes 26 de febrero, a las 18hs, dos personas [&hellip;]<\/p>\n","protected":false},"author":1,"featured_media":19220,"comment_status":"open","ping_status":"open","sticky":false,"template":"","format":"standard","meta":{"_exactmetrics_skip_tracking":false,"_exactmetrics_sitenote_active":false,"_exactmetrics_sitenote_note":"","_exactmetrics_sitenote_category":0,"jnews-multi-image_gallery":[],"jnews_single_post":[],"jnews_primary_category":[],"jnews_social_meta":[],"jnews_review":[],"enable_review":"","type":"","name":"","summary":"","brand":"","sku":"","good":[],"bad":[],"score_override":"","override_value":"","rating":[],"price":[],"jnews_override_counter":[],"jnews_post_split":[],"footnotes":""},"categories":[1],"tags":[],"class_list":["post-6443","post","type-post","status-publish","format-standard","has-post-thumbnail","hentry","category-sin-categoria"],"jetpack_featured_media_url":"https:\/\/atecordoba.org\/wp-content\/uploads\/2020\/05\/logo-nuevochico-e1561581322808.png","_links":{"self":[{"href":"https:\/\/atecordoba.org\/index.php?rest_route=\/wp\/v2\/posts\/6443","targetHints":{"allow":["GET"]}}],"collection":[{"href":"https:\/\/atecordoba.org\/index.php?rest_route=\/wp\/v2\/posts"}],"about":[{"href":"https:\/\/atecordoba.org\/index.php?rest_route=\/wp\/v2\/types\/post"}],"author":[{"embeddable":true,"href":"https:\/\/atecordoba.org\/index.php?rest_route=\/wp\/v2\/users\/1"}],"replies":[{"embeddable":true,"href":"https:\/\/atecordoba.org\/index.php?rest_route=%2Fwp%2Fv2%2Fcomments&post=6443"}],"version-history":[{"count":0,"href":"https:\/\/atecordoba.org\/index.php?rest_route=\/wp\/v2\/posts\/6443\/revisions"}],"wp:featuredmedia":[{"embeddable":true,"href":"https:\/\/atecordoba.org\/index.php?rest_route=\/wp\/v2\/media\/19220"}],"wp:attachment":[{"href":"https:\/\/atecordoba.org\/index.php?rest_route=%2Fwp%2Fv2%2Fmedia&parent=6443"}],"wp:term":[{"taxonomy":"category","embeddable":true,"href":"https:\/\/atecordoba.org\/index.php?rest_route=%2Fwp%2Fv2%2Fcategories&post=6443"},{"taxonomy":"post_tag","embeddable":true,"href":"https:\/\/atecordoba.org\/index.php?rest_route=%2Fwp%2Fv2%2Ftags&post=6443"}],"curies":[{"name":"wp","href":"https:\/\/api.w.org\/{rel}","templated":true}]}}