{"id":6424,"date":"2016-03-03T14:22:48","date_gmt":"2016-03-03T17:22:48","guid":{"rendered":"http:\/\/www.atecordoba.org\/?p=6424"},"modified":"2016-03-03T14:22:48","modified_gmt":"2016-03-03T17:22:48","slug":"delegados-nacionales-de-la-region-centro-se-reunieron-en-cordoba-de-cara-al-plenario-nacional","status":"publish","type":"post","link":"https:\/\/atecordoba.org\/?p=6424","title":{"rendered":"Delegados nacionales de la Regi\u00f3n Centro se reunieron en C\u00f3rdoba de cara al plenario nacional"},"content":{"rendered":"<p><em>Compa\u00f1eros delegados de C\u00f3rdoba, Santa Fe y Entre R\u00edos, debatieron en comisiones la realidad de sus sectores para llevar propuestas al plenario del <span id=\"OBJ_PREFIX_DWT120_com_zimbra_date\" class=\"Object\">30 de marzo<\/span> en capital federal donde confluir\u00e1n 600 delegados del Estado nacional de todo el pa\u00eds. La conducci\u00f3n nacional estuvo presente y evalu\u00f3 el resultado del paro del <span id=\"OBJ_PREFIX_DWT121_com_zimbra_date\" class=\"Object\">24 de febrero<\/span>.<\/em><\/p>\n<p><img loading=\"lazy\" decoding=\"async\" class=\"aligncenter size-full wp-image-6425\" src=\"http:\/\/www.atecordoba.org\/wp-content\/uploads\/2016\/03\/DSC_0207.png\" alt=\"DSC_0207\" width=\"550\" height=\"309\" \/><\/p>\n<p>El encuentro se desarroll\u00f3 el <span id=\"OBJ_PREFIX_DWT122_com_zimbra_date\" class=\"Object\">viernes<\/span> pasado durante todo el d\u00eda en la Universidad Nacional de C\u00f3rdoba y cont\u00f3 con la presencia de nuestra secretaria General, <span id=\"OBJ_PREFIX_DWT123_com_zimbra_date\" class=\"Object\">Mar<\/span>\u00eda Liliana Salerno, que recibi\u00f3 a los compa\u00f1eros de las tres provincias que integran la regi\u00f3n centro, as\u00ed como al secretario General del Consejo Directivo nacional de ATE, Hugo Godoy, y el Adjunto Julio Fuentes. Tambi\u00e9n particip\u00f3 la secretaria de Organizaci\u00f3n nacional, Silvia Le\u00f3n.<\/p>\n<p><img loading=\"lazy\" decoding=\"async\" class=\"aligncenter size-full wp-image-6426\" src=\"http:\/\/www.atecordoba.org\/wp-content\/uploads\/2016\/03\/DSC_0206-e1457025256915.jpg\" alt=\"DSC_0206\" width=\"550\" height=\"309\" \/><\/p>\n<p>\u201cAgradecemos a todos los compa\u00f1eros que vinieron, a la conducci\u00f3n nacional, a los secretarios generales del interior de la provincia, al secretario general de la seccional Rosario, al compa\u00f1ero que vino del CDP de Santa Fe y a los compa\u00f1eros de Entre R\u00edos. La convocatoria es muy buena\u201d, anunci\u00f3 <span id=\"OBJ_PREFIX_DWT124_com_zimbra_date\" class=\"Object\">Mar<\/span>\u00eda Liliana Salerno.<\/p>\n<p>La secretaria General del CDP explic\u00f3 que el encuentro sirvi\u00f3 para que los delegados compartan la realidad de cada sector para hacer un diagn\u00f3stico en com\u00fan. \u201cA su vez, estamos trabajando para cumplir el objetivo que nos hemos fijado de llegar a los 60 mil afiliados en el Estado nacional\u201d. La conducci\u00f3n provincial cont\u00f3 con el acompa\u00f1amiento de los secretarios generales de las tres seccionales cordobesas: Villa <span id=\"OBJ_PREFIX_DWT125_com_zimbra_date\" class=\"Object\">Mar<\/span>\u00eda, R\u00edo Tercero y R\u00edo Cuarto.<\/p>\n<p><img loading=\"lazy\" decoding=\"async\" class=\"aligncenter size-full wp-image-6427\" src=\"http:\/\/www.atecordoba.org\/wp-content\/uploads\/2016\/03\/salerno-e1457025317865.jpg\" alt=\"salerno\" width=\"550\" height=\"341\" \/><\/p>\n<p>En la oportunidad, participaron delegados del Ministerio de Trabajo, Parques Nacionales, Pami, V\u00edas navegables, Universidad nacional de C\u00f3rdoba, Superintendencia de Seguros de Salud, Anses, Ministerio de Desarrollos Social, Fabricaciones Militares, Enacom, Pensiones, Conicet, Inti, Anac, secretaria de Agricultura familiar, Unidad Tur\u00edstica de Embalse, Senasa, ministerio de Educaci\u00f3n, Cnea, Iose, Ministerio de Agricultura de la Naci\u00f3n, Ministerio de Salud de la Naci\u00f3n y Escuela de Aviaci\u00f3n Militar.<\/p>\n<p><img loading=\"lazy\" decoding=\"async\" class=\"aligncenter size-full wp-image-6428\" src=\"http:\/\/www.atecordoba.org\/wp-content\/uploads\/2016\/03\/DSC_0221-e1457025377321.jpg\" alt=\"DSC_0221\" width=\"550\" height=\"309\" \/><\/p>\n<p>A su turno, el secretario General de ATE Hugo Godoy evalu\u00f3 que la reuni\u00f3n tuvo \u201cuna enorme participaci\u00f3n de delegados del Estado nacional, que muestra un esp\u00edritu de crecimiento, de b\u00fasquedas nuevas a los desaf\u00edos que tenemos los trabajadores. De crecer en afiliados y cuerpos de delegados, de crecer en organizaci\u00f3n para que sea una participaci\u00f3n m\u00e1s democr\u00e1tica\u201d.<\/p>\n<p><img loading=\"lazy\" decoding=\"async\" class=\"aligncenter size-full wp-image-6429\" src=\"http:\/\/www.atecordoba.org\/wp-content\/uploads\/2016\/03\/DSC_0214-e1457025427213.jpg\" alt=\"DSC_0214\" width=\"550\" height=\"309\" \/><\/p>\n<p>Godoy sostuvo que \u201cdespu\u00e9s de lo que fue el paro y movilizaci\u00f3n del <span id=\"OBJ_PREFIX_DWT126_com_zimbra_date\" class=\"Object\">mi<\/span>\u00e9rcoles 24, los compa\u00f1eros y compa\u00f1eras est\u00e1n con un entusiasmo y una alegr\u00eda extraordinaria. Y bienvenido que es porque hace un par de meses que estamos con la angustia de ver como a nuestro lado quedan compa\u00f1eros en la calle en la naci\u00f3n y tambi\u00e9n en provincias y municipios. Cuando a uno le echan un compa\u00f1ero, la principal preocupaci\u00f3n es que lo reincorporen. Cuando se siente sin la suficiente fuerza la angustia se multiplica. Pero encontrarnos con plazas a lo largo y anchos del pa\u00eds con miles de trabajadores , una plaza de mayo rebalsada con m\u00e1s de 50 mil personas movilizadas, expresando lo mismo en capital federal que en cualquier provincia: el derecho que tenemos los estatales para defender la estabilidad laboral, un salario digno, defender un sistema previsional p\u00fablico y solidario. Y terminar con la precariedad laboral. Es inadmisible que contin\u00faen los niveles de precariedad laboral que estableci\u00f3 el gobierno anterior y que el actual lo utiliza como excusa para despedir masivamente y para promover la misma actitud en las provincias y municipios\u201d.<\/p>\n<p><img loading=\"lazy\" decoding=\"async\" class=\"aligncenter size-full wp-image-6430\" src=\"http:\/\/www.atecordoba.org\/wp-content\/uploads\/2016\/03\/DSC_0222-e1457025561847.jpg\" alt=\"DSC_0222\" width=\"550\" height=\"309\" \/><\/p>\n<p>En ese sentido, el dirigente aseguro que \u201ceste es el \u00faltimo paso hacia el plenario nacional de 600 delegados del <span id=\"OBJ_PREFIX_DWT127_com_zimbra_date\" class=\"Object\">30 de marzo<\/span>, con el objetivo de llegar a los 60 mil afiliados en el Estado nacional. Es un objetivo perfectamente alcanzable y si lo logramos volveremos a ser el gremio m\u00e1s representativo del Estado nacional. El paro demostr\u00f3 que estamos en perfectas condiciones de alcanzarlo, porque la gente conf\u00eda, porque sabe que ATE no traiciona, y que en ATE deciden las asambleas\u201d.<\/p>\n<p><img loading=\"lazy\" decoding=\"async\" class=\"aligncenter size-full wp-image-6431\" src=\"http:\/\/www.atecordoba.org\/wp-content\/uploads\/2016\/03\/DSC_0226-e1457025607439.jpg\" alt=\"DSC_0226\" width=\"550\" height=\"309\" \/><\/p>\n<p>Adem\u00e1s Godoy afirm\u00f3 que ATE \u201cCrece en la confianza de la fuerza propia. Hombro con hombro marchamos y esto nos permitir\u00e1 crecer como organizaci\u00f3n para lograr la reincorporaci\u00f3n de todos los despedidos. No tengo ninguna duda. Adem\u00e1s, queremos que la paritaria de este a\u00f1o se discuta en marzo para lograr un aumento salarial que no puede estar por debajo del 40% de nuestros salarios\u201d.<\/p>\n<p>A su turno, Julio Fuentes agreg\u00f3 que \u201cestamos discutiendo un an\u00e1lisis de la situaci\u00f3n, c\u00f3mo est\u00e1 el Estado nacional, y como vamos construyendo, de cara al plenario de delegados nacional, para construir puertas de ATE adentro una forma de organizaci\u00f3n que d\u00e9 respuesta a las necesidades de democracia interna, de federalismo y representaci\u00f3n\u201d.<\/p>\n<p>Fuentes se\u00f1al\u00f3 que ante el panorama que plantea el gobierno de Mauricio Macri \u201cnecesitamos una organizaci\u00f3n robusta, democr\u00e1tica y con capacidad de dar pelea, resistiendo a la nueva oleada neoliberal pero tambi\u00e9n sacando lo mejor de los trabajadores para proponer alternativas, para que la disputa sobre el rol del Estado no sea si hay un empleado m\u00e1s o menos. En esa disputa debemos involucrar a la comunidad, al pueblo, que es en definitiva el destinatario de la acci\u00f3n del Estado\u201d.<\/p>\n<p>Por \u00faltimo, <span id=\"OBJ_PREFIX_DWT128_com_zimbra_date\" class=\"Object\">Mar<\/span>\u00eda Liliana Salerno anticip\u00f3 que para el mes de marzo se eval\u00faa llevar a cabo \u201cotra medida de fuerza como la del 24 pero aun falta confirmarlo. La primera quincena de marzo s reunir\u00e1 la conducci\u00f3n nacional para resolver los pasos a seguir\u201d.<\/p>\n","protected":false},"excerpt":{"rendered":"<p>Compa\u00f1eros delegados de C\u00f3rdoba, Santa Fe y Entre R\u00edos, debatieron en comisiones la realidad de sus sectores para llevar propuestas al plenario del 30 de marzo en capital federal donde confluir\u00e1n 600 delegados del Estado nacional de todo el pa\u00eds. La conducci\u00f3n nacional estuvo presente y evalu\u00f3 el resultado del paro del 24 de febrero. [&hellip;]<\/p>\n","protected":false},"author":1,"featured_media":19220,"comment_status":"open","ping_status":"open","sticky":false,"template":"","format":"standard","meta":{"_exactmetrics_skip_tracking":false,"_exactmetrics_sitenote_active":false,"_exactmetrics_sitenote_note":"","_exactmetrics_sitenote_category":0,"jnews-multi-image_gallery":[],"jnews_single_post":[],"jnews_primary_category":[],"jnews_social_meta":[],"jnews_review":[],"enable_review":"","type":"","name":"","summary":"","brand":"","sku":"","good":[],"bad":[],"score_override":"","override_value":"","rating":[],"price":[],"jnews_override_counter":[],"jnews_post_split":[],"footnotes":""},"categories":[18],"tags":[],"class_list":["post-6424","post","type-post","status-publish","format-standard","has-post-thumbnail","hentry","category-nacionales"],"jetpack_featured_media_url":"https:\/\/atecordoba.org\/wp-content\/uploads\/2020\/05\/logo-nuevochico-e1561581322808.png","_links":{"self":[{"href":"https:\/\/atecordoba.org\/index.php?rest_route=\/wp\/v2\/posts\/6424","targetHints":{"allow":["GET"]}}],"collection":[{"href":"https:\/\/atecordoba.org\/index.php?rest_route=\/wp\/v2\/posts"}],"about":[{"href":"https:\/\/atecordoba.org\/index.php?rest_route=\/wp\/v2\/types\/post"}],"author":[{"embeddable":true,"href":"https:\/\/atecordoba.org\/index.php?rest_route=\/wp\/v2\/users\/1"}],"replies":[{"embeddable":true,"href":"https:\/\/atecordoba.org\/index.php?rest_route=%2Fwp%2Fv2%2Fcomments&post=6424"}],"version-history":[{"count":0,"href":"https:\/\/atecordoba.org\/index.php?rest_route=\/wp\/v2\/posts\/6424\/revisions"}],"wp:featuredmedia":[{"embeddable":true,"href":"https:\/\/atecordoba.org\/index.php?rest_route=\/wp\/v2\/media\/19220"}],"wp:attachment":[{"href":"https:\/\/atecordoba.org\/index.php?rest_route=%2Fwp%2Fv2%2Fmedia&parent=6424"}],"wp:term":[{"taxonomy":"category","embeddable":true,"href":"https:\/\/atecordoba.org\/index.php?rest_route=%2Fwp%2Fv2%2Fcategories&post=6424"},{"taxonomy":"post_tag","embeddable":true,"href":"https:\/\/atecordoba.org\/index.php?rest_route=%2Fwp%2Fv2%2Ftags&post=6424"}],"curies":[{"name":"wp","href":"https:\/\/api.w.org\/{rel}","templated":true}]}}