{"id":6401,"date":"2016-02-25T16:15:20","date_gmt":"2016-02-25T19:15:20","guid":{"rendered":"http:\/\/www.atecordoba.org\/?p=6401"},"modified":"2016-02-25T16:15:20","modified_gmt":"2016-02-25T19:15:20","slug":"multitudinaria-manifestacion-en-cordoba-por-el-paro-nacional-de-ate","status":"publish","type":"post","link":"https:\/\/atecordoba.org\/?p=6401","title":{"rendered":"Multitudinaria manifestaci\u00f3n en C\u00f3rdoba por el paro nacional de ATE"},"content":{"rendered":"<p><em>Alrededor de 4000 trabajadores de ATE y organizaciones sindicales y sociales se movilizaron hoy en el marco del paro nacional, en reclamo de apertura de paritarias y la reincorporaci\u00f3n de los despedidos del gobierno de Mauricio Macri.<\/em><\/p>\n<p><img loading=\"lazy\" decoding=\"async\" class=\"aligncenter size-full wp-image-6402\" src=\"http:\/\/www.atecordoba.org\/wp-content\/uploads\/2016\/02\/DSC_0133-e1456426644280.jpg\" alt=\"DSC_0133\" width=\"550\" height=\"309\" \/><\/p>\n<p>Desde las 9 de la ma\u00f1ana los compa\u00f1eros comenzaron a concentrarse en la sede de nuestro gremio, realizando abandono de tareas desde distintos organismos nacionales y provinciales que se encuentran en la capital provincial.<\/p>\n<p><img loading=\"lazy\" decoding=\"async\" class=\"aligncenter size-full wp-image-6403\" src=\"http:\/\/www.atecordoba.org\/wp-content\/uploads\/2016\/02\/DSC_0177-e1456426743731.jpg\" alt=\"DSC_0177\" width=\"550\" height=\"309\" \/><\/p>\n<p>Trabajadores del Ministerio de Trabajo de la naci\u00f3n, la Universidad Nacional de C\u00f3rdoba, Conicet, Dioxitek, Secretaria de Agricultura Familiar, la Comisi\u00f3n Nacional de Energ\u00eda At\u00f3mica, Sedronar, el Instituto Aeron\u00e1utico, Parques Nacionales, Migraciones, IUA, Ente Nacional de Comunicaciones (Enacom), hospitales provinciales, Oncca, Pensiones del Ministerio de Desarrollo Social de la Naci\u00f3n, IOSE, IOSE farmacia, la Direcci\u00f3n de Violencia Familiar provincial, el INTI, con sus chalecos y banderas, formaron una gruesa columna dispuesta a irrumpir en el centro, a pesar que sobrevolaba la jornada el protocolo contra las protestas sociales que hizo la ministra de Seguridad Patricia Bullrich.<\/p>\n<p><img loading=\"lazy\" decoding=\"async\" class=\"aligncenter size-full wp-image-6404\" src=\"http:\/\/www.atecordoba.org\/wp-content\/uploads\/2016\/02\/DSC_0183-e1456426781320.jpg\" alt=\"DSC_0183\" width=\"550\" height=\"309\" \/><\/p>\n<p>A la columna de ATE se sumaron diversas organizaciones sindicales, sociales y pol\u00edticas que aportaron un importante n\u00famero de compa\u00f1eros para engrosar la movilizaci\u00f3n.<\/p>\n<p><img loading=\"lazy\" decoding=\"async\" class=\"aligncenter size-full wp-image-6405\" src=\"http:\/\/www.atecordoba.org\/wp-content\/uploads\/2016\/02\/DSC_0189-e1456426963499.jpg\" alt=\"DSC_0189\" width=\"550\" height=\"309\" \/><\/p>\n<p>Contamos con el acompa\u00f1amiento de compa\u00f1eros de la CTA Aut\u00f3noma, el Cispren, Sipetaco (peones de taxis), Ammar, Luz y Fuerza, Surbac, UTS, la Corriente Clasista y Combativa, la CTEP, el Movimiento Campesino de C\u00f3rdoba, la CTA de los Trabajadores, Adiuc, Sutna, Encuentro de Organizaciones, asociaciones de jubilados y partidos pol\u00edticos. Se destac\u00f3 tambi\u00e9n la presencia de la Asociaci\u00f3n Abuelas de Plaza de Mayo, encabezada por su presidenta Sonia Torres.<\/p>\n<p><img loading=\"lazy\" decoding=\"async\" class=\"aligncenter size-full wp-image-6406\" src=\"http:\/\/www.atecordoba.org\/wp-content\/uploads\/2016\/02\/DSC_0223-e1456427090244.jpg\" alt=\"DSC_0223\" width=\"550\" height=\"309\" \/><\/p>\n<p>A todos nos uni\u00f3 el reclamo para que finalicen los despidos indiscriminados en el Estado \u2013nacional, provincial y municipal-, la apertura de paritarias, contra la criminalizaci\u00f3n de la protesta social, por el 82% m\u00f3vil para los jubilados y la derogaci\u00f3n de la ley provincial 10.333 que modific\u00f3 el c\u00e1lculo jubilatoria, llevando el haber al 70% de lo que cobran los activos.<\/p>\n<p><img loading=\"lazy\" decoding=\"async\" class=\"aligncenter size-full wp-image-6407\" src=\"http:\/\/www.atecordoba.org\/wp-content\/uploads\/2016\/02\/DSC_0224-e1456427129413.jpg\" alt=\"DSC_0224\" width=\"550\" height=\"309\" \/><\/p>\n<p>\u201cEstamos en la calle porque nuestros reclamos son leg\u00edtimos, no por ser opositores a tal o cual gobierno. Nadie puede acusar a ATE de haber sido oficialista, nunca. Nuestras banderas son los derechos de los trabajadores y no las vamos a bajar, buscaremos la unidad con todos los sectores que est\u00e9n en la lucha por el salario y la defensa de los puestos de trabajo\u201d, resumi\u00f3 la secretaria General de ATE, Mar\u00eda Liliana Salerno.<\/p>\n<p><strong>Discursos<\/strong><\/p>\n<p>Cuando la columna lleg\u00f3 a la emblem\u00e1tica esquina de Colon y General Paz, se dio inicio al acto de cierre.<\/p>\n<p><img loading=\"lazy\" decoding=\"async\" class=\"aligncenter size-full wp-image-6408\" src=\"http:\/\/www.atecordoba.org\/wp-content\/uploads\/2016\/02\/DSC_0246-e1456427178566.jpg\" alt=\"DSC_0246\" width=\"550\" height=\"309\" \/><\/p>\n<p>La secretaria General de ATE C\u00f3rdoba, Mar\u00eda Liliana Salerno, sostuvo que ATE ya viene luchando con otras medidas de fuerza el 3 y el 29 de diciembre pasado. \u201cEstamos en contra de la judicializaci\u00f3n de la protesta, de la precarizaci\u00f3n en el Estado y por la apertura de paritarias para discutir salarios dignos\u201d. La dirigente hizo referencia al protocolo contra la protesta social que impuls\u00f3 el gobierno nacional al decir \u201cno nos quieren en la calle pero si quieren recibir al presidente de EE.UU. Obama, quieren pagarle a los fondos buitres, si quieren sentarse a hablar con los ingleses aceptando no discutir Malvinas\u201d.<\/p>\n<p><img loading=\"lazy\" decoding=\"async\" class=\"aligncenter size-full wp-image-6409\" src=\"http:\/\/www.atecordoba.org\/wp-content\/uploads\/2016\/02\/DSC_0228-e1456427223476.jpg\" alt=\"DSC_0228\" width=\"550\" height=\"309\" \/><\/p>\n<p>Salerno record\u00f3 que durante el gobierno de Menem, ATE tard\u00f3 seis meses en convocar al primer paro, \u201cpor eso ahora los trabajadores no vamos a esperar tanto para que nos digan que tenemos que pagar los platos rotos de un modelo que nos perjudica\u201d.<\/p>\n<p><img loading=\"lazy\" decoding=\"async\" class=\"aligncenter size-full wp-image-6410\" src=\"http:\/\/www.atecordoba.org\/wp-content\/uploads\/2016\/02\/DSC_0230-e1456427259387.jpg\" alt=\"DSC_0230\" width=\"550\" height=\"978\" \/><\/p>\n<p>\u201cHoy gobiernan en primera persona las familias patricias de este pa\u00eds sin necesidad de las fuerzas armadas. Por eso sabernos que el ajuste ser\u00e1 terrible. Para evitarlo pretendemos la unidad de todos los trabajadores y sus organizaciones sindicales, pero no podemos dejar de se\u00f1alar que algunos pidieron hoy que el gobierno les garantice a sus afiliados la posibilidad de ir a trabajar. Nosotros nunca fuimos funcionales a gobiernos nacionales, provinciales o municipales y lo pagamos caro pero nos mantenemos firmes en nuestras convicciones\u201d.<\/p>\n<p><img loading=\"lazy\" decoding=\"async\" class=\"aligncenter size-full wp-image-6411\" src=\"http:\/\/www.atecordoba.org\/wp-content\/uploads\/2016\/02\/DSC_0237-e1456427302163.jpg\" alt=\"DSC_0237\" width=\"550\" height=\"309\" \/><\/p>\n<p>Por \u00faltimo, la dirigente agradeci\u00f3 a las seccionales que garantizaron el paro en Villa mar\u00eda, R\u00edo Tercero y R\u00edo Cuarto, junto con organizaciones sindicales y sociales de cada una de dichas ciudades.<\/p>\n<p><img loading=\"lazy\" decoding=\"async\" class=\"aligncenter size-full wp-image-6412\" src=\"http:\/\/www.atecordoba.org\/wp-content\/uploads\/2016\/02\/DSC_0238-e1456427336797.jpg\" alt=\"DSC_0238\" width=\"550\" height=\"309\" \/><\/p>\n<p>Tambi\u00e9n hizo uso de la palabra el secretario General de Luz y fuerza C\u00f3rdoba, Gabriel Su\u00e1rez, alentando la unidad\u00a0 de las organizaciones gremiales, m\u00e1s all\u00e1 de las diferencias, y se\u00f1alando que el paro de hoy es un primer paso hacia la lucha de la resistencia contra el ajuste y la desocupaci\u00f3n.<\/p>\n<p><img loading=\"lazy\" decoding=\"async\" class=\"aligncenter size-full wp-image-6413\" src=\"http:\/\/www.atecordoba.org\/wp-content\/uploads\/2016\/02\/DSC_0226-e1456427447662.jpg\" alt=\"DSC_0226\" width=\"550\" height=\"309\" \/><\/p>\n<p>En el mismo sentido se expres\u00f3 el secretario General del Surbac, Mauricio Saill\u00e9n, al expresar que \u201cquieren ir por nuestras familias y no lo vamos a permitir. Por eso la unidad de los trabajadores es fundamental\u201d.<\/p>\n<p><img loading=\"lazy\" decoding=\"async\" class=\"aligncenter size-full wp-image-6414\" src=\"http:\/\/www.atecordoba.org\/wp-content\/uploads\/2016\/02\/DSC_0217-e1456427482671.jpg\" alt=\"DSC_0217\" width=\"550\" height=\"309\" \/><\/p>\n<p>El secretario General del Cispren, Carlos Valduvino, celebr\u00f3 la gran convocatoria de la marcha por el paro y record\u00f3 que desde los gremios privados que integran la CTA tambi\u00e9n se encuentran enfrentando el ajuste en diversas empresas. \u201cHay empresarios aventureros que quieren dejar a los trabajadores en la calle como sucede en los diarios El Argentino y La Ma\u00f1ana de C\u00f3rdoba, pero no lo vamos a permitir\u201d, asegur\u00f3.<\/p>\n<p><img loading=\"lazy\" decoding=\"async\" class=\"aligncenter size-full wp-image-6415\" src=\"http:\/\/www.atecordoba.org\/wp-content\/uploads\/2016\/02\/DSC_0219-e1456427625410.jpg\" alt=\"DSC_0219\" width=\"550\" height=\"309\" \/><\/p>\n<p>A su turno, el secretario General de la CTA C\u00f3rdoba, Guido Dreizik, record\u00f3 todas las experiencias de lucha que se sucedieron en la provincia durante los \u00faltimos 20 a\u00f1os y asegur\u00f3 que esa memoria es fundamental para recrear nuevas formas de lucha que garanticen la continuidad de las medidas de fuerza, con el objetivo de crear una fuerza que exprese el sentir del movimiento obrero de C\u00f3rdoba \u201cporque los doctores que nos gobiernan se cagaron en las reivindicaciones de los trabajadores\u201d.<\/p>\n<p><img loading=\"lazy\" decoding=\"async\" class=\"aligncenter size-full wp-image-6416\" src=\"http:\/\/www.atecordoba.org\/wp-content\/uploads\/2016\/02\/DSC_0209-e1456427688500.jpg\" alt=\"DSC_0209\" width=\"550\" height=\"309\" \/><\/p>\n<p>Dreizik afirm\u00f3 que la lucha por los derechos de estatales y trabajadores del sector privado \u201cser concretar\u00e1 con \u00e9xito a partir de la unidad de las organizaciones sindicales\u201d.<\/p>\n","protected":false},"excerpt":{"rendered":"<p>Alrededor de 4000 trabajadores de ATE y organizaciones sindicales y sociales se movilizaron hoy en el marco del paro nacional, en reclamo de apertura de paritarias y la reincorporaci\u00f3n de los despedidos del gobierno de Mauricio Macri. Desde las 9 de la ma\u00f1ana los compa\u00f1eros comenzaron a concentrarse en la sede de nuestro gremio, realizando [&hellip;]<\/p>\n","protected":false},"author":1,"featured_media":19220,"comment_status":"open","ping_status":"open","sticky":false,"template":"","format":"standard","meta":{"_exactmetrics_skip_tracking":false,"_exactmetrics_sitenote_active":false,"_exactmetrics_sitenote_note":"","_exactmetrics_sitenote_category":0,"jnews-multi-image_gallery":[],"jnews_single_post":[],"jnews_primary_category":[],"jnews_social_meta":[],"jnews_review":[],"enable_review":"","type":"","name":"","summary":"","brand":"","sku":"","good":[],"bad":[],"score_override":"","override_value":"","rating":[],"price":[],"jnews_override_counter":[],"jnews_post_split":[],"footnotes":""},"categories":[20,18,121,8],"tags":[],"class_list":["post-6401","post","type-post","status-publish","format-standard","has-post-thumbnail","hentry","category-municipales","category-nacionales","category-paro-24-de-febrero-2016","category-provinciales"],"jetpack_featured_media_url":"https:\/\/atecordoba.org\/wp-content\/uploads\/2020\/05\/logo-nuevochico-e1561581322808.png","_links":{"self":[{"href":"https:\/\/atecordoba.org\/index.php?rest_route=\/wp\/v2\/posts\/6401","targetHints":{"allow":["GET"]}}],"collection":[{"href":"https:\/\/atecordoba.org\/index.php?rest_route=\/wp\/v2\/posts"}],"about":[{"href":"https:\/\/atecordoba.org\/index.php?rest_route=\/wp\/v2\/types\/post"}],"author":[{"embeddable":true,"href":"https:\/\/atecordoba.org\/index.php?rest_route=\/wp\/v2\/users\/1"}],"replies":[{"embeddable":true,"href":"https:\/\/atecordoba.org\/index.php?rest_route=%2Fwp%2Fv2%2Fcomments&post=6401"}],"version-history":[{"count":0,"href":"https:\/\/atecordoba.org\/index.php?rest_route=\/wp\/v2\/posts\/6401\/revisions"}],"wp:featuredmedia":[{"embeddable":true,"href":"https:\/\/atecordoba.org\/index.php?rest_route=\/wp\/v2\/media\/19220"}],"wp:attachment":[{"href":"https:\/\/atecordoba.org\/index.php?rest_route=%2Fwp%2Fv2%2Fmedia&parent=6401"}],"wp:term":[{"taxonomy":"category","embeddable":true,"href":"https:\/\/atecordoba.org\/index.php?rest_route=%2Fwp%2Fv2%2Fcategories&post=6401"},{"taxonomy":"post_tag","embeddable":true,"href":"https:\/\/atecordoba.org\/index.php?rest_route=%2Fwp%2Fv2%2Ftags&post=6401"}],"curies":[{"name":"wp","href":"https:\/\/api.w.org\/{rel}","templated":true}]}}