{"id":6398,"date":"2016-02-23T16:50:24","date_gmt":"2016-02-23T19:50:24","guid":{"rendered":"http:\/\/www.atecordoba.org\/?p=6398"},"modified":"2016-02-23T16:50:24","modified_gmt":"2016-02-23T19:50:24","slug":"ate-rechazo-el-protocolo-de-seguridad-y-confirmo-el-paro","status":"publish","type":"post","link":"https:\/\/atecordoba.org\/?p=6398","title":{"rendered":"ATE rechaz\u00f3 el protocolo de seguridad y confirm\u00f3 el paro"},"content":{"rendered":"<p><em>Convocado por las autoridades del Ministerio de Seguridad, la conducci\u00f3n nacional de ATE rechaz\u00f3 el llamado \u2018Protocolo\u2019 y ratific\u00f3 el paro y movilizaci\u00f3n de ma\u00f1ana. Primer desaf\u00edo gremial a la norma.<\/em><\/p>\n<p><img loading=\"lazy\" decoding=\"async\" class=\"aligncenter size-full wp-image-6136\" src=\"http:\/\/www.atecordoba.org\/wp-content\/uploads\/2015\/12\/DSC_0230-e1449169562442.jpg\" alt=\"DSC_0230\" width=\"550\" height=\"309\" \/><\/p>\n<p>(fuente Infogremiales)<\/p>\n<p>La secretaria de Organizaci\u00f3n de\u00a0ATE, Silvia Le\u00f3n, quien explic\u00f3 a Telam que la reuni\u00f3n con el subsecretario de Seguridad Interior Gerardo Millman fue \u201cmuy breve, extremadamente breve\u201d, y que el gremio se limit\u00f3 a entregar al funcionario \u201cun documento y una nota fijando su posici\u00f3n\u201d.<\/p>\n<p>La ATE entreg\u00f3 una nota y un petitorio a Milman fijando posici\u00f3n respecto del tema y ratific\u00f3 el paro nacional y la marcha hacia la Plaza de Mayo a partir de las 11 de\u00a0ma\u00f1ana, puntualiz\u00f3 la dirigente gremial.<\/p>\n<p>Le\u00f3n ratific\u00f3 que el sindicato se\u00f1al\u00f3 por escrito que \u201cno avalar\u00e1 ning\u00fan cuestionamiento para limitar el derecho constitucional de los trabajadores y el pueblo a manifestarse\u201d.<\/p>\n<p>Por \u00faltimo, sostuvo que los dirigentes gremiales \u201cno discutieron el \u2018Protocolo\u2019 sino que fijaron posici\u00f3n ante ese instrumento\u201d, y expres\u00f3 que la ATE reclam\u00f3 un pr\u00f3ximo encuentro con las autoridades de Seguridad para analizar \u201clos 200 despidos de trabajadores producidos en esa dependencia oficial\u201d.<\/p>\n<p>\u201cSe se\u00f1al\u00f3 a Millman que uno de los motivos del paro y la marcha del mi\u00e9rcoles es, precisamente, esas cesant\u00edas\u201d, concluy\u00f3 Le\u00f3n.<\/p>\n<p>Hugo Godoy, titular de ATE, hab\u00eda se\u00f1alado hoy que \u201clo que se est\u00e1 generando a partir de la aplicaci\u00f3n del \u2018Protocolo\u2019 para movilizaciones tiene intencionalidad por parte del gobierno y no ayuda a resolver los problemas de la gente\u201d sino que \u201cse preocura usarlo para intimar\u201d.<\/p>\n<p>Godoy ratific\u00f3 que la protesta del ma\u00f1ana \u201cno ser\u00e1 un piquete\u201d sino \u201cuna movilizaci\u00f3n\u201d en las principales plazas p\u00fablicas de todo el pa\u00eds, a la que ya adhirieron varios gremios y las dos CTA.<\/p>\n<p><img loading=\"lazy\" decoding=\"async\" class=\"aligncenter size-full wp-image-6399\" src=\"http:\/\/www.atecordoba.org\/wp-content\/uploads\/2016\/02\/respuestade-ate-e1456256962582.jpg\" alt=\"respuestade-ate\" width=\"550\" height=\"778\" \/><\/p>\n","protected":false},"excerpt":{"rendered":"<p>Convocado por las autoridades del Ministerio de Seguridad, la conducci\u00f3n nacional de ATE rechaz\u00f3 el llamado \u2018Protocolo\u2019 y ratific\u00f3 el paro y movilizaci\u00f3n de ma\u00f1ana. Primer desaf\u00edo gremial a la norma. (fuente Infogremiales) La secretaria de Organizaci\u00f3n de\u00a0ATE, Silvia Le\u00f3n, quien explic\u00f3 a Telam que la reuni\u00f3n con el subsecretario de Seguridad Interior Gerardo Millman [&hellip;]<\/p>\n","protected":false},"author":1,"featured_media":19220,"comment_status":"open","ping_status":"open","sticky":false,"template":"","format":"standard","meta":{"_exactmetrics_skip_tracking":false,"_exactmetrics_sitenote_active":false,"_exactmetrics_sitenote_note":"","_exactmetrics_sitenote_category":0,"jnews-multi-image_gallery":[],"jnews_single_post":[],"jnews_primary_category":[],"jnews_social_meta":[],"jnews_review":[],"enable_review":"","type":"","name":"","summary":"","brand":"","sku":"","good":[],"bad":[],"score_override":"","override_value":"","rating":[],"price":[],"jnews_override_counter":[],"jnews_post_split":[],"footnotes":""},"categories":[121],"tags":[],"class_list":["post-6398","post","type-post","status-publish","format-standard","has-post-thumbnail","hentry","category-paro-24-de-febrero-2016"],"jetpack_featured_media_url":"https:\/\/atecordoba.org\/wp-content\/uploads\/2020\/05\/logo-nuevochico-e1561581322808.png","_links":{"self":[{"href":"https:\/\/atecordoba.org\/index.php?rest_route=\/wp\/v2\/posts\/6398","targetHints":{"allow":["GET"]}}],"collection":[{"href":"https:\/\/atecordoba.org\/index.php?rest_route=\/wp\/v2\/posts"}],"about":[{"href":"https:\/\/atecordoba.org\/index.php?rest_route=\/wp\/v2\/types\/post"}],"author":[{"embeddable":true,"href":"https:\/\/atecordoba.org\/index.php?rest_route=\/wp\/v2\/users\/1"}],"replies":[{"embeddable":true,"href":"https:\/\/atecordoba.org\/index.php?rest_route=%2Fwp%2Fv2%2Fcomments&post=6398"}],"version-history":[{"count":0,"href":"https:\/\/atecordoba.org\/index.php?rest_route=\/wp\/v2\/posts\/6398\/revisions"}],"wp:featuredmedia":[{"embeddable":true,"href":"https:\/\/atecordoba.org\/index.php?rest_route=\/wp\/v2\/media\/19220"}],"wp:attachment":[{"href":"https:\/\/atecordoba.org\/index.php?rest_route=%2Fwp%2Fv2%2Fmedia&parent=6398"}],"wp:term":[{"taxonomy":"category","embeddable":true,"href":"https:\/\/atecordoba.org\/index.php?rest_route=%2Fwp%2Fv2%2Fcategories&post=6398"},{"taxonomy":"post_tag","embeddable":true,"href":"https:\/\/atecordoba.org\/index.php?rest_route=%2Fwp%2Fv2%2Ftags&post=6398"}],"curies":[{"name":"wp","href":"https:\/\/api.w.org\/{rel}","templated":true}]}}