{"id":6393,"date":"2016-02-23T15:58:41","date_gmt":"2016-02-23T18:58:41","guid":{"rendered":"http:\/\/www.atecordoba.org\/?p=6393"},"modified":"2016-02-23T15:58:41","modified_gmt":"2016-02-23T18:58:41","slug":"ate-y-cta-recabaron-distintos-apoyos-gremiales-para-el-paro-de-manana","status":"publish","type":"post","link":"https:\/\/atecordoba.org\/?p=6393","title":{"rendered":"ATE y CTA Villa Mar\u00eda recabaron distintos apoyos gremiales para el paro de ma\u00f1ana"},"content":{"rendered":"<p><em>En el marco de actividades que realiza ATE rumbo al paro y movilizaci\u00f3n nacional, la seccional Villa Mar\u00eda, mantuvo reuniones con distintos sectores sindicales de la ciudad. <\/em><\/p>\n<p><img loading=\"lazy\" decoding=\"async\" class=\"aligncenter size-full wp-image-6394\" src=\"http:\/\/www.atecordoba.org\/wp-content\/uploads\/2016\/02\/reunion-villa-maria-1.png\" alt=\"reunion villa maria 1\" width=\"550\" height=\"309\" \/><\/p>\n<p>El lunes manifestaron su apoyo y participaci\u00f3n en la movilizaci\u00f3n compa\u00f1eros del CiSPren, UTEM y docentes que participan en la lista Pluricolor.<\/p>\n<p>En la oportunidad estuvieron presentes el secretario General de ATE Villa Mar\u00eda, Fernando Mercado, el secretario General de la CTA de dicha ciudad, Jos\u00e9 Gorozo, y el hist\u00f3rico dirigente de ATE, Oscar Mengarelli, entre otros compa\u00f1eros.<\/p>\n<p>En tanto en la ma\u00f1ana de hoy se llev\u00f3 a cabo una reuni\u00f3n con la CGT Villa Mar\u00eda, donde particip\u00f3 Edgardo Garmendia y otros compa\u00f1eros, los cuales ratificaron su apoyo y la voluntad de participar ma\u00f1ana 24 de Febrero en la marcha que realizaremos por las calles de nuestra ciudad.<\/p>\n<p><img loading=\"lazy\" decoding=\"async\" class=\"aligncenter size-full wp-image-6395\" src=\"http:\/\/www.atecordoba.org\/wp-content\/uploads\/2016\/02\/reunion-villa-maria-2.png\" alt=\"reunion villa maria 2\" width=\"550\" height=\"309\" \/><\/p>\n<p>Ma\u00f1ana, la movilizaci\u00f3n dar\u00e1 inicio frente a la sede del Centro Integral de Atenci\u00f3n al Ciudadano, Mendoza y 9 de Julio, a las 10 horas para luego de recorrer las calles de la ciudad y culminar en Buenos Aires y Gral. Paz.<\/p>\n<p>Desde la seccional agradecieron a todas las organizaciones sindicales y sociales que manifiestan su apoyo al paro de ATE.<\/p>\n","protected":false},"excerpt":{"rendered":"<p>En el marco de actividades que realiza ATE rumbo al paro y movilizaci\u00f3n nacional, la seccional Villa Mar\u00eda, mantuvo reuniones con distintos sectores sindicales de la ciudad. El lunes manifestaron su apoyo y participaci\u00f3n en la movilizaci\u00f3n compa\u00f1eros del CiSPren, UTEM y docentes que participan en la lista Pluricolor. En la oportunidad estuvieron presentes el [&hellip;]<\/p>\n","protected":false},"author":1,"featured_media":19220,"comment_status":"open","ping_status":"open","sticky":false,"template":"","format":"standard","meta":{"_exactmetrics_skip_tracking":false,"_exactmetrics_sitenote_active":false,"_exactmetrics_sitenote_note":"","_exactmetrics_sitenote_category":0,"jnews-multi-image_gallery":[],"jnews_single_post":[],"jnews_primary_category":[],"jnews_social_meta":[],"jnews_review":[],"enable_review":"","type":"","name":"","summary":"","brand":"","sku":"","good":[],"bad":[],"score_override":"","override_value":"","rating":[],"price":[],"jnews_override_counter":[],"jnews_post_split":[],"footnotes":""},"categories":[121,14],"tags":[],"class_list":["post-6393","post","type-post","status-publish","format-standard","has-post-thumbnail","hentry","category-paro-24-de-febrero-2016","category-villa-maria"],"jetpack_featured_media_url":"https:\/\/atecordoba.org\/wp-content\/uploads\/2020\/05\/logo-nuevochico-e1561581322808.png","_links":{"self":[{"href":"https:\/\/atecordoba.org\/index.php?rest_route=\/wp\/v2\/posts\/6393","targetHints":{"allow":["GET"]}}],"collection":[{"href":"https:\/\/atecordoba.org\/index.php?rest_route=\/wp\/v2\/posts"}],"about":[{"href":"https:\/\/atecordoba.org\/index.php?rest_route=\/wp\/v2\/types\/post"}],"author":[{"embeddable":true,"href":"https:\/\/atecordoba.org\/index.php?rest_route=\/wp\/v2\/users\/1"}],"replies":[{"embeddable":true,"href":"https:\/\/atecordoba.org\/index.php?rest_route=%2Fwp%2Fv2%2Fcomments&post=6393"}],"version-history":[{"count":0,"href":"https:\/\/atecordoba.org\/index.php?rest_route=\/wp\/v2\/posts\/6393\/revisions"}],"wp:featuredmedia":[{"embeddable":true,"href":"https:\/\/atecordoba.org\/index.php?rest_route=\/wp\/v2\/media\/19220"}],"wp:attachment":[{"href":"https:\/\/atecordoba.org\/index.php?rest_route=%2Fwp%2Fv2%2Fmedia&parent=6393"}],"wp:term":[{"taxonomy":"category","embeddable":true,"href":"https:\/\/atecordoba.org\/index.php?rest_route=%2Fwp%2Fv2%2Fcategories&post=6393"},{"taxonomy":"post_tag","embeddable":true,"href":"https:\/\/atecordoba.org\/index.php?rest_route=%2Fwp%2Fv2%2Ftags&post=6393"}],"curies":[{"name":"wp","href":"https:\/\/api.w.org\/{rel}","templated":true}]}}