{"id":6390,"date":"2016-02-23T14:45:44","date_gmt":"2016-02-23T17:45:44","guid":{"rendered":"http:\/\/www.atecordoba.org\/?p=6390"},"modified":"2016-02-23T14:45:44","modified_gmt":"2016-02-23T17:45:44","slug":"asamblea-de-trabajadores-de-conicet-de-cordoba-resolvio-ayer-adherir-al-paro-de-ate","status":"publish","type":"post","link":"https:\/\/atecordoba.org\/?p=6390","title":{"rendered":"Asamblea de trabajadores de Conicet de C\u00f3rdoba resolvi\u00f3 ayer adherir al paro de ATE"},"content":{"rendered":"<p><em>En una asamblea que cont\u00f3 con la participaci\u00f3n de alrededor de 60 compa\u00f1eros, los trabajadores del Conicet C\u00f3rdoba resolvieron por unanimidad adherir al paro nacional convocado pro ATE para ma\u00f1ana mi\u00e9rcoles.<\/em><\/p>\n<figure id=\"attachment_6391\" aria-describedby=\"caption-attachment-6391\" style=\"width: 550px\" class=\"wp-caption aligncenter\"><img loading=\"lazy\" decoding=\"async\" class=\"wp-image-6391 size-full\" src=\"http:\/\/www.atecordoba.org\/wp-content\/uploads\/2016\/02\/conicet-archivo.png\" alt=\"conicet archivo\" width=\"550\" height=\"412\" \/><figcaption id=\"caption-attachment-6391\" class=\"wp-caption-text\">Foto de archivo.<\/figcaption><\/figure>\n<p>En la oportunidad confluyeron investigadores, becarios, personal de apoyo y administrativos (tanto de planta permanente como trabajadores contratados) de m\u00e1s de 15 institutos de la ciudad.<\/p>\n<p>En un comunicado de emitido una vez finalizada la asamblea, los compa\u00f1eros sostuvieron que &#8220;a\u00a0lo largo de las intervenciones se hizo expl\u00edcita la preocupaci\u00f3n por defender los derechos laborales del sector que se ven amenazados en el contexto de ajuste y reducci\u00f3n de personal en diferentes dependencias estatales, as\u00ed como tambi\u00e9n avanzar en la conquista de derechos laborales nunca reconocidos para los trabajadores del CONICET (Convenio Colectivo de Trabajo Sectorial, apertura de negociaciones Paritarias, pase a planta de los contratados de SINEP, derechos laborales para los becarios\/as, entre otros)&#8221;.<\/p>\n<p>&#8220;Reconocemos la necesidad de avanzar en la organizaci\u00f3n gremial de nuestro sector a nivel provincial, realizando asambleas por lugar de trabajo, eligiendo delegados y aceitando los mecanismos de difusi\u00f3n de la informaci\u00f3n y participaci\u00f3n de todos los compa\u00f1eros y compa\u00f1eras. Consideramos indispensable poder organizarnos entendi\u00e9ndonos como un todo y no escindidos en sectores (investigadores, becarios, CPA, administrativos). Somos conscientes de que s\u00f3lo la m\u00e1s amplia unidad y solidaridad entre nosotros podr\u00e1 permitirnos resistir los intentos de ajuste sobre el sector y conquistar los derechos a\u00fan pendientes&#8221;.<\/p>\n<p>En tal\u00a0sentido la Asamblea de Trabajadores de Conicet C\u00f3rdoba resolvi\u00f3:<\/p>\n<ol>\n<li>-La adhesi\u00f3n al Paro con Movilizaci\u00f3n convocado por ATE para el d\u00eda 24 de Febrero, garantizando la mayor participaci\u00f3n posible de compa\u00f1eras y compa\u00f1eros del Organismo.<\/li>\n<li>-Convocar a la realizaci\u00f3n de asambleas por Institutos y Unidades Ejecutoras para informar lo discutido en esta asamblea, relevar problem\u00e1ticas, inquietudes y casos puntuales y avanzar en la organizaci\u00f3n gremial por lugar de trabajo.<\/li>\n<li>-Avanzar hacia una Jornada en el marco del d\u00eda del Investigador Cient\u00edfico (10 de Abril), y coordinarla a nivel nacional con el resto de las regionales de ATE-CONICET as\u00ed como con otras expresiones organizativas de becarios, investigadores y personal del organismo.<\/li>\n<li>-Repudiar las pol\u00edticas de achicamiento en el Estado y la campa\u00f1a de estigmatizaci\u00f3n de los trabajadores estatales que preparan el camino para la reducci\u00f3n de personal en el \u00e1mbito p\u00fablico.<\/li>\n<li>-Rechazar las declaraciones del actual presidente del CONICET, Alejandro Cecatto, en relaci\u00f3n a la inviabilidad del mismo y enfatizar nuestra decisi\u00f3n de no permitir ning\u00fan despido en el Organismo ni reducci\u00f3n en los ingresos a Carrera y otorgamiento de becas.<\/li>\n<li>-Rechazar el Protocolo de Actuaci\u00f3n de las Fuerzas de Seguridad del Estado ante movilizaciones o manifestaciones p\u00fablicas (o protocolo \u201cantipiquetes\u201d) que busca legitimar, profundizar y sistematizar la coacci\u00f3n represiva del Estado a los trabajadores y sectores populares que reclamen por sus derechos pol\u00edticos, econ\u00f3micos y sociales.<\/li>\n<\/ol>\n<p>&nbsp;<\/p>\n","protected":false},"excerpt":{"rendered":"<p>En una asamblea que cont\u00f3 con la participaci\u00f3n de alrededor de 60 compa\u00f1eros, los trabajadores del Conicet C\u00f3rdoba resolvieron por unanimidad adherir al paro nacional convocado pro ATE para ma\u00f1ana mi\u00e9rcoles. En la oportunidad confluyeron investigadores, becarios, personal de apoyo y administrativos (tanto de planta permanente como trabajadores contratados) de m\u00e1s de 15 institutos de [&hellip;]<\/p>\n","protected":false},"author":1,"featured_media":19220,"comment_status":"open","ping_status":"open","sticky":false,"template":"","format":"standard","meta":{"_exactmetrics_skip_tracking":false,"_exactmetrics_sitenote_active":false,"_exactmetrics_sitenote_note":"","_exactmetrics_sitenote_category":0,"jnews-multi-image_gallery":[],"jnews_single_post":[],"jnews_primary_category":[],"jnews_social_meta":[],"jnews_review":[],"enable_review":"","type":"","name":"","summary":"","brand":"","sku":"","good":[],"bad":[],"score_override":"","override_value":"","rating":[],"price":[],"jnews_override_counter":[],"jnews_post_split":[],"footnotes":""},"categories":[121],"tags":[],"class_list":["post-6390","post","type-post","status-publish","format-standard","has-post-thumbnail","hentry","category-paro-24-de-febrero-2016"],"jetpack_featured_media_url":"https:\/\/atecordoba.org\/wp-content\/uploads\/2020\/05\/logo-nuevochico-e1561581322808.png","_links":{"self":[{"href":"https:\/\/atecordoba.org\/index.php?rest_route=\/wp\/v2\/posts\/6390","targetHints":{"allow":["GET"]}}],"collection":[{"href":"https:\/\/atecordoba.org\/index.php?rest_route=\/wp\/v2\/posts"}],"about":[{"href":"https:\/\/atecordoba.org\/index.php?rest_route=\/wp\/v2\/types\/post"}],"author":[{"embeddable":true,"href":"https:\/\/atecordoba.org\/index.php?rest_route=\/wp\/v2\/users\/1"}],"replies":[{"embeddable":true,"href":"https:\/\/atecordoba.org\/index.php?rest_route=%2Fwp%2Fv2%2Fcomments&post=6390"}],"version-history":[{"count":0,"href":"https:\/\/atecordoba.org\/index.php?rest_route=\/wp\/v2\/posts\/6390\/revisions"}],"wp:featuredmedia":[{"embeddable":true,"href":"https:\/\/atecordoba.org\/index.php?rest_route=\/wp\/v2\/media\/19220"}],"wp:attachment":[{"href":"https:\/\/atecordoba.org\/index.php?rest_route=%2Fwp%2Fv2%2Fmedia&parent=6390"}],"wp:term":[{"taxonomy":"category","embeddable":true,"href":"https:\/\/atecordoba.org\/index.php?rest_route=%2Fwp%2Fv2%2Fcategories&post=6390"},{"taxonomy":"post_tag","embeddable":true,"href":"https:\/\/atecordoba.org\/index.php?rest_route=%2Fwp%2Fv2%2Ftags&post=6390"}],"curies":[{"name":"wp","href":"https:\/\/api.w.org\/{rel}","templated":true}]}}