{"id":6382,"date":"2016-02-22T18:43:31","date_gmt":"2016-02-22T21:43:31","guid":{"rendered":"http:\/\/www.atecordoba.org\/?p=6382"},"modified":"2016-02-22T18:43:31","modified_gmt":"2016-02-22T21:43:31","slug":"todos-al-paro-el-24-de-febrero","status":"publish","type":"post","link":"https:\/\/atecordoba.org\/?p=6382","title":{"rendered":"Todos al paro el 24 de febrero"},"content":{"rendered":"<p><em>El Consejo Directivo Provincial convoca a todos los compa\u00f1eros\u00a0estatales, nacionales, provinciales y municipales a participar del paro nacional de ATE en todo el territorio de la provincia de C\u00f3rdoba, que se llevar\u00e1 a cabo el mi\u00e9rcoles 24 de febrero.<\/em><\/p>\n<p><img loading=\"lazy\" decoding=\"async\" class=\"aligncenter size-full wp-image-6384\" src=\"http:\/\/www.atecordoba.org\/wp-content\/uploads\/2016\/02\/DSC_0129-copia-e1456177291984.jpg\" alt=\"DSC_0129 - copia\" width=\"550\" height=\"309\" \/><\/p>\n<div>Durante la jornada se realizar\u00e1 una movilizaci\u00f3n por las calles de la ciudad para expresar el repudio a las pol\u00edticas p\u00fablicas que se est\u00e1n llevando adelante en\u00a0el Estado en abierto perjuicio de los trabajadores.<\/div>\n<div><img loading=\"lazy\" decoding=\"async\" class=\"aligncenter wp-image-6386 \" src=\"http:\/\/www.atecordoba.org\/wp-content\/uploads\/2016\/02\/DSC_0137-1024x576.jpg\" alt=\"DSC_0137\" width=\"549\" height=\"309\" \/><\/div>\n<div>En ese marco, ATE realizar\u00e1 conjuntamente con todos los consejos provinciales y las seccionales de todo el pa\u00eds un paro en reclamo de la convocatoria a paritarias para tratar:<\/div>\n<ul>\n<li>aumento de salario para compensar las brutal escalada de precios<\/li>\n<li>fin de la precarizaci\u00f3n laboral<\/li>\n<li>cese de los despidos<\/li>\n<li>reincorporaci\u00f3n de todos los despedidos<\/li>\n<li>defensa del sistema p\u00fablico previsional<\/li>\n<li>82% m\u00f3vil para todos los jubilados<\/li>\n<li>cese de la judicializaci\u00f3n de la protesta<\/li>\n<li>desprocesamiento de los luchadores sociales<\/li>\n<\/ul>\n<p><img loading=\"lazy\" decoding=\"async\" class=\"aligncenter size-full wp-image-6383\" src=\"http:\/\/www.atecordoba.org\/wp-content\/uploads\/2016\/02\/DSC_0145-e1456177390320.jpg\" alt=\"DSC_0145\" width=\"550\" height=\"309\" \/><\/p>\n<div>En C\u00f3rdoba, la medida de fuerza se realizar\u00e1 con abandono de tareas a partir de las 9 horas y concentraci\u00f3n en la sede de nuestro gremio, Entre R\u00edos 450, para movilizarnos por el centro de la ciudad.<\/div>\n<div><img loading=\"lazy\" decoding=\"async\" class=\"aligncenter size-full wp-image-6385\" src=\"http:\/\/www.atecordoba.org\/wp-content\/uploads\/2016\/02\/DSC_0134-e1456177352942.jpg\" alt=\"DSC_0134\" width=\"550\" height=\"309\" \/><\/div>\n<div>En tanto, hoy y ma\u00f1ana activistas de ATE y compa\u00f1eros de la Secretaria de Agricultura Familiar, m\u00e1s compa\u00f1eros de diversas organizaciones de la CTA, realizan una carpa en la Plaza San Mart\u00edn para llevar a cabo una campa\u00f1a de difusi\u00f3n y esclarecimiento de las razones que nos llevan a realizar la medida de fuerza. Ma\u00f1ana, a partir de las 11 horas se realizar\u00e1 una nueva campa\u00f1a de difusi\u00f3n.<\/div>\n<div style=\"text-align: right;\"><\/div>\n<div style=\"text-align: right;\">Mar\u00eda Liliana Salerno<\/div>\n<div style=\"text-align: right;\">Secretaria General<\/div>\n","protected":false},"excerpt":{"rendered":"<p>El Consejo Directivo Provincial convoca a todos los compa\u00f1eros\u00a0estatales, nacionales, provinciales y municipales a participar del paro nacional de ATE en todo el territorio de la provincia de C\u00f3rdoba, que se llevar\u00e1 a cabo el mi\u00e9rcoles 24 de febrero. Durante la jornada se realizar\u00e1 una movilizaci\u00f3n por las calles de la ciudad para expresar el [&hellip;]<\/p>\n","protected":false},"author":1,"featured_media":19220,"comment_status":"open","ping_status":"open","sticky":false,"template":"","format":"standard","meta":{"_exactmetrics_skip_tracking":false,"_exactmetrics_sitenote_active":false,"_exactmetrics_sitenote_note":"","_exactmetrics_sitenote_category":0,"jnews-multi-image_gallery":[],"jnews_single_post":[],"jnews_primary_category":[],"jnews_social_meta":[],"jnews_review":[],"enable_review":"","type":"","name":"","summary":"","brand":"","sku":"","good":[],"bad":[],"score_override":"","override_value":"","rating":[],"price":[],"jnews_override_counter":[],"jnews_post_split":[],"footnotes":""},"categories":[121],"tags":[],"class_list":["post-6382","post","type-post","status-publish","format-standard","has-post-thumbnail","hentry","category-paro-24-de-febrero-2016"],"jetpack_featured_media_url":"https:\/\/atecordoba.org\/wp-content\/uploads\/2020\/05\/logo-nuevochico-e1561581322808.png","_links":{"self":[{"href":"https:\/\/atecordoba.org\/index.php?rest_route=\/wp\/v2\/posts\/6382","targetHints":{"allow":["GET"]}}],"collection":[{"href":"https:\/\/atecordoba.org\/index.php?rest_route=\/wp\/v2\/posts"}],"about":[{"href":"https:\/\/atecordoba.org\/index.php?rest_route=\/wp\/v2\/types\/post"}],"author":[{"embeddable":true,"href":"https:\/\/atecordoba.org\/index.php?rest_route=\/wp\/v2\/users\/1"}],"replies":[{"embeddable":true,"href":"https:\/\/atecordoba.org\/index.php?rest_route=%2Fwp%2Fv2%2Fcomments&post=6382"}],"version-history":[{"count":0,"href":"https:\/\/atecordoba.org\/index.php?rest_route=\/wp\/v2\/posts\/6382\/revisions"}],"wp:featuredmedia":[{"embeddable":true,"href":"https:\/\/atecordoba.org\/index.php?rest_route=\/wp\/v2\/media\/19220"}],"wp:attachment":[{"href":"https:\/\/atecordoba.org\/index.php?rest_route=%2Fwp%2Fv2%2Fmedia&parent=6382"}],"wp:term":[{"taxonomy":"category","embeddable":true,"href":"https:\/\/atecordoba.org\/index.php?rest_route=%2Fwp%2Fv2%2Fcategories&post=6382"},{"taxonomy":"post_tag","embeddable":true,"href":"https:\/\/atecordoba.org\/index.php?rest_route=%2Fwp%2Fv2%2Ftags&post=6382"}],"curies":[{"name":"wp","href":"https:\/\/api.w.org\/{rel}","templated":true}]}}