{"id":6378,"date":"2016-02-19T16:12:26","date_gmt":"2016-02-19T19:12:26","guid":{"rendered":"http:\/\/www.atecordoba.org\/?p=6378"},"modified":"2016-02-19T16:12:26","modified_gmt":"2016-02-19T19:12:26","slug":"solidaridad-de-luz-y-fuerza-con-ate","status":"publish","type":"post","link":"https:\/\/atecordoba.org\/?p=6378","title":{"rendered":"SOLIDARIDAD DE LUZ Y FUERZA CON ATE"},"content":{"rendered":"<div><em>Con motivo del paro nacional que nuestra organizaci\u00f3n ha convocado para el pr\u00f3ximo\u00a0<span id=\"OBJ_PREFIX_DWT1090_com_zimbra_date\" class=\"Object\">24 de febrero<\/span>, queremos difundir y agradecer la solidaridad que nos han hecho llegar los compa\u00f1eros de Luz y Fuerza, hecho que expresa los lazos de fraternidad y pertenencia de clase que unen a las organizaciones sindicales cada vez que\u00a0se trata de defender los derechos y la dignidad de los trabajadores.\u00a0<\/em><\/div>\n<div><\/div>\n<div>Con la firma del secretario General, Gabriel Su\u00e1rez, y de su secretario de Prensa, Dante Maldonado, Luz y Fuerza\u00a0&#8220;se solidariza con la Asociaci\u00f3n de Trabajadores del Estado (ATE) que ha resuelto realizar un paro nacional y movilizaci\u00f3n el 24 de febrero en repudio de los despidos en la administraci\u00f3n p\u00fablica, contra la criminalizaci\u00f3n de la protesta y en reclamo de paritarias libre&#8221;.<\/div>\n<div>\n<p>En tal sentido, por medio de un comunicado de prensa, Luz y Fuerza afirma que &#8220;nuestra organizaci\u00f3n sindical est\u00e1 totalmente en contra de los despidos de trabajadores, tanto de la administraci\u00f3n p\u00fablica como del \u00e1mbito privado, y rechaza de plano el cercenamiento del derecho de huelga y la criminalizaci\u00f3n de la protesta.\u00a0 Estamos en el escenario de gobiernos tanto nacional como provincial y municipal,\u00a0 que no escatiman medidas en contra de los intereses de la clase trabajadora como la sanci\u00f3n de la ley 10.333 que reduce en un 11 % el haber previsional de nuestros jubilados estatales y la devaluaci\u00f3n que ya llega al 50 % provocando una espiral inflacionaria que no es reconocida por el gobierno nacional de Macri&#8221;.<\/p>\n<p>Y finaliza asegurando que &#8220;nuestro sindicato comparte la decisi\u00f3n de ATE de convocar a un paro activo con movilizaci\u00f3n, porque es la respuesta m\u00e1s adecuada para hacer sentir el reclamo de la clase trabajadora&#8221;.<\/p>\n<p><img loading=\"lazy\" decoding=\"async\" class=\"aligncenter size-full wp-image-6379\" src=\"http:\/\/www.atecordoba.org\/wp-content\/uploads\/2016\/02\/solidaridad-luz-y-fuerza-paro-24-de-febrero-e1455909032172.jpg\" alt=\"solidaridad luz y fuerza -paro 24 de febrero\" width=\"550\" height=\"496\" \/><\/p>\n<\/div>\n<div><\/div>\n","protected":false},"excerpt":{"rendered":"<p>Con motivo del paro nacional que nuestra organizaci\u00f3n ha convocado para el pr\u00f3ximo\u00a024 de febrero, queremos difundir y agradecer la solidaridad que nos han hecho llegar los compa\u00f1eros de Luz y Fuerza, hecho que expresa los lazos de fraternidad y pertenencia de clase que unen a las organizaciones sindicales cada vez que\u00a0se trata de defender [&hellip;]<\/p>\n","protected":false},"author":1,"featured_media":19220,"comment_status":"open","ping_status":"open","sticky":false,"template":"","format":"standard","meta":{"_exactmetrics_skip_tracking":false,"_exactmetrics_sitenote_active":false,"_exactmetrics_sitenote_note":"","_exactmetrics_sitenote_category":0,"jnews-multi-image_gallery":[],"jnews_single_post":[],"jnews_primary_category":[],"jnews_social_meta":[],"jnews_review":[],"enable_review":"","type":"","name":"","summary":"","brand":"","sku":"","good":[],"bad":[],"score_override":"","override_value":"","rating":[],"price":[],"jnews_override_counter":[],"jnews_post_split":[],"footnotes":""},"categories":[10,121],"tags":[],"class_list":["post-6378","post","type-post","status-publish","format-standard","has-post-thumbnail","hentry","category-accion-politica","category-paro-24-de-febrero-2016"],"jetpack_featured_media_url":"https:\/\/atecordoba.org\/wp-content\/uploads\/2020\/05\/logo-nuevochico-e1561581322808.png","_links":{"self":[{"href":"https:\/\/atecordoba.org\/index.php?rest_route=\/wp\/v2\/posts\/6378","targetHints":{"allow":["GET"]}}],"collection":[{"href":"https:\/\/atecordoba.org\/index.php?rest_route=\/wp\/v2\/posts"}],"about":[{"href":"https:\/\/atecordoba.org\/index.php?rest_route=\/wp\/v2\/types\/post"}],"author":[{"embeddable":true,"href":"https:\/\/atecordoba.org\/index.php?rest_route=\/wp\/v2\/users\/1"}],"replies":[{"embeddable":true,"href":"https:\/\/atecordoba.org\/index.php?rest_route=%2Fwp%2Fv2%2Fcomments&post=6378"}],"version-history":[{"count":0,"href":"https:\/\/atecordoba.org\/index.php?rest_route=\/wp\/v2\/posts\/6378\/revisions"}],"wp:featuredmedia":[{"embeddable":true,"href":"https:\/\/atecordoba.org\/index.php?rest_route=\/wp\/v2\/media\/19220"}],"wp:attachment":[{"href":"https:\/\/atecordoba.org\/index.php?rest_route=%2Fwp%2Fv2%2Fmedia&parent=6378"}],"wp:term":[{"taxonomy":"category","embeddable":true,"href":"https:\/\/atecordoba.org\/index.php?rest_route=%2Fwp%2Fv2%2Fcategories&post=6378"},{"taxonomy":"post_tag","embeddable":true,"href":"https:\/\/atecordoba.org\/index.php?rest_route=%2Fwp%2Fv2%2Ftags&post=6378"}],"curies":[{"name":"wp","href":"https:\/\/api.w.org\/{rel}","templated":true}]}}