{"id":6375,"date":"2016-02-18T18:31:29","date_gmt":"2016-02-18T21:31:29","guid":{"rendered":"http:\/\/www.atecordoba.org\/?p=6375"},"modified":"2016-02-18T18:31:29","modified_gmt":"2016-02-18T21:31:29","slug":"protocolo-sobre-protestas-callejeras-una-excusa-para-justificar-la-represion","status":"publish","type":"post","link":"https:\/\/atecordoba.org\/?p=6375","title":{"rendered":"Protocolo sobre protestas callejeras: Una excusa para justificar la represi\u00f3n"},"content":{"rendered":"<p><em>El Consejo Directivo Provincial de la Asociaci\u00f3n Trabajadores del Estado expresa su m\u00e1s en\u00e9rgico repudio al protocolo de actuaci\u00f3n de las Fuerzas de Seguridad ante la protesta, anunciado hoy por la ministra de Seguridad Patricia Bullrich.<\/em><\/p>\n<p><img loading=\"lazy\" decoding=\"async\" class=\"aligncenter size-full wp-image-6255\" src=\"http:\/\/www.atecordoba.org\/wp-content\/uploads\/2015\/12\/paro-ATE-29-12-e1450906315394.jpg\" alt=\"paro ATE 29-12\" width=\"550\" height=\"325\" \/><\/p>\n<p>&nbsp;<\/p>\n<p>Nuestro rechazo se funda en que se trata de una normativa de car\u00e1cter inconstitucional, que vulnera el derecho a la protesta y habilita a las fuerzas de seguridad a reprimir \u201ca los 5 o 10 minutos\u201d, como dijera la funcionaria, por otro lado fuertemente cuestionada por su incapacidad para llevar adelante las funciones inherentes a su cargo.<\/p>\n<p>De esta forma, el gobierno nacional prioriza el derecho a circular, en aquellos momentos que se produzcan cortes de calle, antes que cualquier otro derecho vulnerado que motive la protesta. \u00bfAcaso no podemos protestar por los despidos indiscriminados y autoritarios que se producen en el Estado? \u00bfO por mejores salarios y condiciones de vida?<\/p>\n<p>Quiz\u00e1s el nuevo gobierno entienda que s\u00f3lo algunos sectores est\u00e1n en condiciones de llamar la atenci\u00f3n p\u00fablica por medio de la protesta y no precisamente los trabajadores. El nuevo Protocolo aparece as\u00ed como una excusa para ejercer la represi\u00f3n sobre la protesta social. A pesar de ello, desde ATE seguiremos bregando por el pleno ejercicio de nuestros derechos.<\/p>\n<p style=\"text-align: right;\">Mar\u00eda Liliana Salerno<\/p>\n<p style=\"text-align: right;\">Secretaria General<\/p>\n","protected":false},"excerpt":{"rendered":"<p>El Consejo Directivo Provincial de la Asociaci\u00f3n Trabajadores del Estado expresa su m\u00e1s en\u00e9rgico repudio al protocolo de actuaci\u00f3n de las Fuerzas de Seguridad ante la protesta, anunciado hoy por la ministra de Seguridad Patricia Bullrich. &nbsp; Nuestro rechazo se funda en que se trata de una normativa de car\u00e1cter inconstitucional, que vulnera el derecho [&hellip;]<\/p>\n","protected":false},"author":1,"featured_media":19220,"comment_status":"open","ping_status":"open","sticky":false,"template":"","format":"standard","meta":{"_exactmetrics_skip_tracking":false,"_exactmetrics_sitenote_active":false,"_exactmetrics_sitenote_note":"","_exactmetrics_sitenote_category":0,"jnews-multi-image_gallery":[],"jnews_single_post":[],"jnews_primary_category":[],"jnews_social_meta":[],"jnews_review":[],"enable_review":"","type":"","name":"","summary":"","brand":"","sku":"","good":[],"bad":[],"score_override":"","override_value":"","rating":[],"price":[],"jnews_override_counter":[],"jnews_post_split":[],"footnotes":""},"categories":[53],"tags":[],"class_list":["post-6375","post","type-post","status-publish","format-standard","has-post-thumbnail","hentry","category-comunicados-de-prensa"],"jetpack_featured_media_url":"https:\/\/atecordoba.org\/wp-content\/uploads\/2020\/05\/logo-nuevochico-e1561581322808.png","_links":{"self":[{"href":"https:\/\/atecordoba.org\/index.php?rest_route=\/wp\/v2\/posts\/6375","targetHints":{"allow":["GET"]}}],"collection":[{"href":"https:\/\/atecordoba.org\/index.php?rest_route=\/wp\/v2\/posts"}],"about":[{"href":"https:\/\/atecordoba.org\/index.php?rest_route=\/wp\/v2\/types\/post"}],"author":[{"embeddable":true,"href":"https:\/\/atecordoba.org\/index.php?rest_route=\/wp\/v2\/users\/1"}],"replies":[{"embeddable":true,"href":"https:\/\/atecordoba.org\/index.php?rest_route=%2Fwp%2Fv2%2Fcomments&post=6375"}],"version-history":[{"count":0,"href":"https:\/\/atecordoba.org\/index.php?rest_route=\/wp\/v2\/posts\/6375\/revisions"}],"wp:featuredmedia":[{"embeddable":true,"href":"https:\/\/atecordoba.org\/index.php?rest_route=\/wp\/v2\/media\/19220"}],"wp:attachment":[{"href":"https:\/\/atecordoba.org\/index.php?rest_route=%2Fwp%2Fv2%2Fmedia&parent=6375"}],"wp:term":[{"taxonomy":"category","embeddable":true,"href":"https:\/\/atecordoba.org\/index.php?rest_route=%2Fwp%2Fv2%2Fcategories&post=6375"},{"taxonomy":"post_tag","embeddable":true,"href":"https:\/\/atecordoba.org\/index.php?rest_route=%2Fwp%2Fv2%2Ftags&post=6375"}],"curies":[{"name":"wp","href":"https:\/\/api.w.org\/{rel}","templated":true}]}}