{"id":6360,"date":"2016-02-15T16:57:11","date_gmt":"2016-02-15T19:57:11","guid":{"rendered":"http:\/\/www.atecordoba.org\/?p=6360"},"modified":"2016-02-15T16:57:11","modified_gmt":"2016-02-15T19:57:11","slug":"crecen-las-adhesiones-al-paro-del-24-de-febrero","status":"publish","type":"post","link":"https:\/\/atecordoba.org\/?p=6360","title":{"rendered":"Crecen las adhesiones al paro del 24 de febrero"},"content":{"rendered":"<p><em>En el d\u00eda de hoy, la Asociaci\u00f3n de Trabajadores del Estado logr\u00f3 las adhesiones de la Central de Trabajadores de la Econom\u00eda Popular (CTEP) y de Rub\u00e9n &#8220;Pollo&#8221; Sobrero, ferroviario de la L\u00ednea Sarmiento, que se sumar\u00e1n al paro nacional del pr\u00f3ximo 24 de febrero.<\/em><\/p>\n<p><img loading=\"lazy\" decoding=\"async\" class=\"aligncenter size-full wp-image-6361\" src=\"http:\/\/www.atecordoba.org\/wp-content\/uploads\/2016\/02\/adhesion-24-febrero-e1455566127660.jpg\" alt=\"adhesion 24 febrero\" width=\"550\" height=\"309\" \/><\/p>\n<p><span style=\"font-style: inherit; font-weight: inherit;\">En una reuni\u00f3n llevada a cabo en la sede de ATE, dirigentes de CTEP manifestaron su solidaridad y acompa\u00f1amiento al paro nacional entendiendo que \u201cel mejor aporte a la unidad es fortalecer el reclamo de los estatales\u201d.<\/span><\/p>\n<p><span style=\"font-style: inherit; font-weight: inherit;\"><span style=\"font-style: inherit; font-weight: inherit;\">En ese marco, desde la Central mencionaron que los reclamos de los trabajadores de la Econom\u00eda Popular estar\u00e1n presentes en esta pelea \u201cporque es una manifestaci\u00f3n del pueblo trabajador que va encontrando los caminos para expresarse frente al desmantelamiento del Estado que pretende el gobierno nacional y que afecta al conjunto de los argentinos\u201d.<\/span><\/span><\/p>\n<p><span style=\"font-style: inherit; font-weight: inherit;\"><span style=\"font-style: inherit; font-weight: inherit;\">Estuvieron presentes Esteban Castro Sec. General de CTEP,\u00a0 Nahuel Levaggi de UTT, Lito Borello de los Pibes, Emilio P\u00e9rsico del Movimiento Evita, Miguel G\u00f3mez de Via Campesina, el Vasco Murua de Empresas Recuperadas, Fernando G\u00f3mez de Descamisados, Franco Garc\u00eda del Lavalle, Pepino Fern\u00e1ndez; Nicol\u00e1s Caropresi y Paola Caviedes de MTE, Jonathan Thea de Seamos Libres y Gildo Onorato del Movimiento Evita.<\/span><\/span><\/p>\n<p><span style=\"font-style: inherit; font-weight: inherit;\"><span style=\"font-style: inherit; font-weight: inherit;\">Por parte de ATE, asistieron como anfitriones Hugo \u201cCachorro\u201d Godoy, Secretario General del gremio, junto a Julio Fuentes, Sec. General Adjunto; Adolfo \u201cFito\u201d Aguirre y Pablo Spataro de la conducci\u00f3n nacional.<\/span><\/span><\/p>\n<p><span style=\"font-style: inherit; font-weight: inherit;\"><span style=\"font-style: inherit; font-weight: inherit;\">Por su parte, en horas de la tarde, Godoy se hizo presente en la Uni\u00f3n Ferroviaria, Secci\u00f3n Gran Buenos Aires Oeste, \u00a0donde fue recibido por su titular, Rub\u00e9n &#8220;Pollo&#8221; Sobrero.<\/span><\/span><\/p>\n<p><span style=\"font-style: inherit; font-weight: inherit;\"><span style=\"font-style: inherit; font-weight: inherit;\">El Dirigente ferroviario, se pronunci\u00f3 a favor de la lucha que llevan adelante los estatales ante la ola de despidos perge\u00f1ada por el gobierno nacional y puso a disposici\u00f3n su organizaci\u00f3n para la marcha que se realizar\u00e1 en Capital Federal el pr\u00f3ximo 24 de febrero.<\/span><\/span><\/p>\n<p><span style=\"font-style: inherit; font-weight: inherit;\"><span style=\"font-style: inherit; font-weight: inherit;\">De esta manera, estas organizaciones se sumar\u00e1n a la participaci\u00f3n activa que ya anunci\u00f3 la Central de Trabajadores de la Argentina Aut\u00f3noma (CTA-A) para exigir al Gobierno la inmediata incorporaci\u00f3n de los trabajadores estatales despedidos junto a otros reclamos.<\/span> \u00a0\u00a0\u00a0<\/span><\/p>\n","protected":false},"excerpt":{"rendered":"<p>En el d\u00eda de hoy, la Asociaci\u00f3n de Trabajadores del Estado logr\u00f3 las adhesiones de la Central de Trabajadores de la Econom\u00eda Popular (CTEP) y de Rub\u00e9n &#8220;Pollo&#8221; Sobrero, ferroviario de la L\u00ednea Sarmiento, que se sumar\u00e1n al paro nacional del pr\u00f3ximo 24 de febrero. En una reuni\u00f3n llevada a cabo en la sede de [&hellip;]<\/p>\n","protected":false},"author":1,"featured_media":19220,"comment_status":"open","ping_status":"open","sticky":false,"template":"","format":"standard","meta":{"_exactmetrics_skip_tracking":false,"_exactmetrics_sitenote_active":false,"_exactmetrics_sitenote_note":"","_exactmetrics_sitenote_category":0,"jnews-multi-image_gallery":[],"jnews_single_post":[],"jnews_primary_category":[],"jnews_social_meta":[],"jnews_review":[],"enable_review":"","type":"","name":"","summary":"","brand":"","sku":"","good":[],"bad":[],"score_override":"","override_value":"","rating":[],"price":[],"jnews_override_counter":[],"jnews_post_split":[],"footnotes":""},"categories":[18,121],"tags":[],"class_list":["post-6360","post","type-post","status-publish","format-standard","has-post-thumbnail","hentry","category-nacionales","category-paro-24-de-febrero-2016"],"jetpack_featured_media_url":"https:\/\/atecordoba.org\/wp-content\/uploads\/2020\/05\/logo-nuevochico-e1561581322808.png","_links":{"self":[{"href":"https:\/\/atecordoba.org\/index.php?rest_route=\/wp\/v2\/posts\/6360","targetHints":{"allow":["GET"]}}],"collection":[{"href":"https:\/\/atecordoba.org\/index.php?rest_route=\/wp\/v2\/posts"}],"about":[{"href":"https:\/\/atecordoba.org\/index.php?rest_route=\/wp\/v2\/types\/post"}],"author":[{"embeddable":true,"href":"https:\/\/atecordoba.org\/index.php?rest_route=\/wp\/v2\/users\/1"}],"replies":[{"embeddable":true,"href":"https:\/\/atecordoba.org\/index.php?rest_route=%2Fwp%2Fv2%2Fcomments&post=6360"}],"version-history":[{"count":0,"href":"https:\/\/atecordoba.org\/index.php?rest_route=\/wp\/v2\/posts\/6360\/revisions"}],"wp:featuredmedia":[{"embeddable":true,"href":"https:\/\/atecordoba.org\/index.php?rest_route=\/wp\/v2\/media\/19220"}],"wp:attachment":[{"href":"https:\/\/atecordoba.org\/index.php?rest_route=%2Fwp%2Fv2%2Fmedia&parent=6360"}],"wp:term":[{"taxonomy":"category","embeddable":true,"href":"https:\/\/atecordoba.org\/index.php?rest_route=%2Fwp%2Fv2%2Fcategories&post=6360"},{"taxonomy":"post_tag","embeddable":true,"href":"https:\/\/atecordoba.org\/index.php?rest_route=%2Fwp%2Fv2%2Ftags&post=6360"}],"curies":[{"name":"wp","href":"https:\/\/api.w.org\/{rel}","templated":true}]}}