{"id":6351,"date":"2016-02-15T16:00:57","date_gmt":"2016-02-15T19:00:57","guid":{"rendered":"http:\/\/www.atecordoba.org\/?p=6351"},"modified":"2016-02-15T16:00:57","modified_gmt":"2016-02-15T19:00:57","slug":"la-solidaridad-con-los-municipales-despedidos-llego-a-los-corzos-de-unquillo","status":"publish","type":"post","link":"https:\/\/atecordoba.org\/?p=6351","title":{"rendered":"La solidaridad con los municipales despedidos lleg\u00f3 a los corzos de Unquillo"},"content":{"rendered":"<p><em>Junto a organizaciones sociales y culturales, ATE-Unquillo organiz\u00f3 este fin de semana los tradicionales corzos de carnaval de la ciudad serrana, suspendidos por el plan de lucha de los trabajadores municipales. Cientos de vecinos se acercaron a expresar su solidaridad. (fotos Pablo Gavio)<\/em><\/p>\n<p><img loading=\"lazy\" decoding=\"async\" class=\"aligncenter size-full wp-image-6364\" src=\"http:\/\/www.atecordoba.org\/wp-content\/uploads\/2016\/02\/12745562_10207407249373149_44828303731571527_n.jpg\" alt=\"12745562_10207407249373149_44828303731571527_n\" width=\"502\" height=\"260\" \/><\/p>\n<p>El s\u00e1bado 13 de febrero los trabajadores municipales cesanteados de la Municipalidad de Unquillo llevaron adelante la organizaci\u00f3n de una fiesta de Carnaval. Esta acci\u00f3n se suma a las muchas otras medidas que desde el 14 de diciembre conforman un plan de lucha que incluy\u00f3 asambleas, paros, toma del basural, muestras de arte, \u00a0cortes de ruta, acampe en la explanada municipal y hasta el encadenamiento y huelga de hambre de nuestro compa\u00f1ero Leandro Gavio.<\/p>\n<p>Pero la ciudad de Unquillo tiene una larga tradici\u00f3n carnavalera y ante la negativa del Intendente Jorge Fabrissin de realizar los corsos, \u00a0los trabajadores junto a comparsas y murgas, artistas y hacedores del carnaval con el aporte de nuestro gremio, realizaron la 78\u00aa edici\u00f3n de esta fiesta. M\u00e1s de dos mil vecinos celebraron junto a organizaciones de DDHH, gremios, instituciones locales y representantes de \u00a0la Universidad Nacional de C\u00f3rdoba. Pero tambi\u00e9n, el evento se constituy\u00f3 en la manifestaci\u00f3n m\u00e1s masiva y contundente en apoyo al reclamo de los trabajadores.<\/p>\n<p>La organizaci\u00f3n corri\u00f3 por cuenta de ATE-Unquillo, conjuntamente con las asociaciones y agrupamientos culturales locales. En representaci\u00f3n de nuestro gremio se pudo contar con la presencia del secretario Adjunto, Lu\u00eds Barcena, encabezando una delegaci\u00f3n de dirigentes del secretariado provincial.<\/p>\n<p><img loading=\"lazy\" decoding=\"async\" class=\"aligncenter size-full wp-image-6365\" src=\"http:\/\/www.atecordoba.org\/wp-content\/uploads\/2016\/02\/12743499_10207407180731433_8248824697195382144_n-e1455574170622.jpg\" alt=\"12743499_10207407180731433_8248824697195382144_n\" width=\"550\" height=\"413\" \/><\/p>\n<p>La apertura estuvo a cargo de la murga \u201cPatitas en la calle\u201d compuesta por los trabajadores despedidos y los compa\u00f1eros de ATE Unquillo llevaron adelante el buffet y lo recaudado ser\u00e1 destinado\u00a0 al fondo de huelga. Es muy importante destacar cada una de las agrupaciones art\u00edsticas presentes porque se trata del aporte de los compa\u00f1eros para que la corzo haya sido el \u00e9xito que finalmente sucedi\u00f3: en ese marco cabe nombrar a los grupos Adrenalina, Agrupaci\u00f3n Tinku, Murga Cumb\u00e9 e Mandinga, Never Cover Rap, Patricia de los Rios( stand up) La Comparsa, Los Picaflores, Sahara Bellydancing, elencos de La escuela Popular de Arte Epa, Murga La TungaTunga y el cierre con la mejor cumbia latinoamericana a cargo de La Garrotera. Tambi\u00e9n se realiz\u00f3 la feria de artesanos, l\u00e1 Muestra Fotogr\u00e1fica Por la Dignidad y \u00a0la feria de ropa EL Tendal<\/p>\n<p><img loading=\"lazy\" decoding=\"async\" class=\"aligncenter size-full wp-image-6366\" src=\"http:\/\/www.atecordoba.org\/wp-content\/uploads\/2016\/02\/12670144_10207309156680893_1128166277942184622_n-e1455574214751.jpg\" alt=\"12670144_10207309156680893_1128166277942184622_n\" width=\"550\" height=\"413\" \/><\/p>\n<p>En la espectacular noche de verano cordob\u00e9s se dio lectura al documento en rechazo a las medidas de ajuste y persecuci\u00f3n ideol\u00f3gica llevadas adelante por el actual intendente y entre disfraces, harina, espuma loca, cuarteto, cumbia, tambores, lentejuelas \u00a0y sobre todo mucha alegr\u00eda , se llev\u00f3 a cabo la edici\u00f3n n\u00famero 78 del carnaval de Unquillo, desafiando la marca que quieren imponerle los poderosos y \u00a0con la impronta de los que seguimos en lucha, \u00a0defendiendo la dignidad de toda una comunidad.<\/p>\n<p>&nbsp;<\/p>\n<p><img loading=\"lazy\" decoding=\"async\" class=\"aligncenter size-full wp-image-6352\" src=\"http:\/\/www.atecordoba.org\/wp-content\/uploads\/2016\/02\/Alf4eLFq1RelLQnSiuvh9leeqXBHni_Pl-iV0R52xS8_-e1455562720481.jpg\" alt=\"Alf4eLFq1RelLQnSiuvh9leeqXBHni_Pl-iV0R52xS8_\" width=\"550\" height=\"309\" \/><\/p>\n<p><img loading=\"lazy\" decoding=\"async\" class=\"aligncenter size-full wp-image-6353\" src=\"http:\/\/www.atecordoba.org\/wp-content\/uploads\/2016\/02\/AgFFjfy4YpkSjNXu3Sz5F4aQXej5KdhkxRvkI_5Bvp8g-1-e1455562730780.jpg\" alt=\"AgFFjfy4YpkSjNXu3Sz5F4aQXej5KdhkxRvkI_5Bvp8g (1)\" width=\"550\" height=\"309\" \/><br \/>\n<img loading=\"lazy\" decoding=\"async\" class=\"aligncenter size-full wp-image-6356\" src=\"http:\/\/www.atecordoba.org\/wp-content\/uploads\/2016\/02\/Ah6ahOWMD2WGz2lS1otNJCJ361zqzfZZlgdSoxFajIDm-e1455562762155.jpg\" alt=\"Ah6ahOWMD2WGz2lS1otNJCJ361zqzfZZlgdSoxFajIDm\" width=\"550\" height=\"309\" \/><\/p>\n<p>&nbsp;<\/p>\n","protected":false},"excerpt":{"rendered":"<p>Junto a organizaciones sociales y culturales, ATE-Unquillo organiz\u00f3 este fin de semana los tradicionales corzos de carnaval de la ciudad serrana, suspendidos por el plan de lucha de los trabajadores municipales. Cientos de vecinos se acercaron a expresar su solidaridad. (fotos Pablo Gavio) El s\u00e1bado 13 de febrero los trabajadores municipales cesanteados de la Municipalidad [&hellip;]<\/p>\n","protected":false},"author":1,"featured_media":19220,"comment_status":"open","ping_status":"open","sticky":false,"template":"","format":"standard","meta":{"_exactmetrics_skip_tracking":false,"_exactmetrics_sitenote_active":false,"_exactmetrics_sitenote_note":"","_exactmetrics_sitenote_category":0,"jnews-multi-image_gallery":[],"jnews_single_post":[],"jnews_primary_category":[],"jnews_social_meta":[],"jnews_review":[],"enable_review":"","type":"","name":"","summary":"","brand":"","sku":"","good":[],"bad":[],"score_override":"","override_value":"","rating":[],"price":[],"jnews_override_counter":[],"jnews_post_split":[],"footnotes":""},"categories":[20],"tags":[],"class_list":["post-6351","post","type-post","status-publish","format-standard","has-post-thumbnail","hentry","category-municipales"],"jetpack_featured_media_url":"https:\/\/atecordoba.org\/wp-content\/uploads\/2020\/05\/logo-nuevochico-e1561581322808.png","_links":{"self":[{"href":"https:\/\/atecordoba.org\/index.php?rest_route=\/wp\/v2\/posts\/6351","targetHints":{"allow":["GET"]}}],"collection":[{"href":"https:\/\/atecordoba.org\/index.php?rest_route=\/wp\/v2\/posts"}],"about":[{"href":"https:\/\/atecordoba.org\/index.php?rest_route=\/wp\/v2\/types\/post"}],"author":[{"embeddable":true,"href":"https:\/\/atecordoba.org\/index.php?rest_route=\/wp\/v2\/users\/1"}],"replies":[{"embeddable":true,"href":"https:\/\/atecordoba.org\/index.php?rest_route=%2Fwp%2Fv2%2Fcomments&post=6351"}],"version-history":[{"count":0,"href":"https:\/\/atecordoba.org\/index.php?rest_route=\/wp\/v2\/posts\/6351\/revisions"}],"wp:featuredmedia":[{"embeddable":true,"href":"https:\/\/atecordoba.org\/index.php?rest_route=\/wp\/v2\/media\/19220"}],"wp:attachment":[{"href":"https:\/\/atecordoba.org\/index.php?rest_route=%2Fwp%2Fv2%2Fmedia&parent=6351"}],"wp:term":[{"taxonomy":"category","embeddable":true,"href":"https:\/\/atecordoba.org\/index.php?rest_route=%2Fwp%2Fv2%2Fcategories&post=6351"},{"taxonomy":"post_tag","embeddable":true,"href":"https:\/\/atecordoba.org\/index.php?rest_route=%2Fwp%2Fv2%2Ftags&post=6351"}],"curies":[{"name":"wp","href":"https:\/\/api.w.org\/{rel}","templated":true}]}}