{"id":6334,"date":"2016-02-03T17:46:23","date_gmt":"2016-02-03T20:46:23","guid":{"rendered":"http:\/\/www.atecordoba.org\/?p=6334"},"modified":"2016-02-03T17:46:23","modified_gmt":"2016-02-03T20:46:23","slug":"24-de-febrero-paro-nacional-de-ate-y-movilizacion","status":"publish","type":"post","link":"https:\/\/atecordoba.org\/?p=6334","title":{"rendered":"24 de febrero: Paro Nacional de ATE y Movilizaci\u00f3n"},"content":{"rendered":"<p><em>En una conferencia de prensa llevada a cabo hoy, el Secretario General del Consejo Directivo Nacional del sindicato, Hugo Godoy, anunci\u00f3 un Paro total de actividades con Movilizaci\u00f3n de todos los trabajadores estatales nacionales, provinciales y municipales para el pr\u00f3ximo 24 de febrero.<\/em><\/p>\n<p><a href=\"http:\/\/www.atecordoba.org\/wp-content\/uploads\/2016\/02\/conferencia-paro-nacional-24-de-febrero.png\"><img loading=\"lazy\" decoding=\"async\" class=\"aligncenter size-full wp-image-6335\" src=\"http:\/\/www.atecordoba.org\/wp-content\/uploads\/2016\/02\/conferencia-paro-nacional-24-de-febrero.png\" alt=\"conferencia - paro nacional 24 de febrero\" width=\"550\" height=\"309\" \/><\/a><\/p>\n<p>En la oportunidad, el compa\u00f1ero Godoy estuvo acompa\u00f1ado por el secretariado nacional y los secretarios generales de los consejos directivos provinciales de todo el pa\u00eds.<\/p>\n<p>La medida busca hacerle frente a la brutal ola de despidos que ya ha dejado a m\u00e1s de 20.000 familias en la calle, as\u00ed como reclamar por una apertura de paritarias que repare el retraso que vienen arrastrando los salarios de los estatales, y decirle no a la criminalizaci\u00f3n de la protesta. En C\u00f3rdoba, se suma el reclamo al gobierno provincial por la apertura de la negociaci\u00f3n salarial y el rechazo a la reforma previsional, as\u00ed como el repudio a los despidos en diversas dependencias provinciales.<\/p>\n<p><strong>Declaraciones<\/strong><\/p>\n<p>Durante la conferencia de prensa, el secretario General de ATE afirm\u00f3 que\u00a0Mauricio &#8220;Macri se ha convertido en el abanderado de una pol\u00edtica de extorsi\u00f3n para reducir el nivel de los costos laborales de los empresarios en el \u00e1mbito privado y de ajuste en el sector p\u00fablico&#8221;.<\/p>\n<p>&#8220;El gobierno quiere reducir a la baja la discusi\u00f3n salarial condicionando a los trabajadores, porque al llevarnos a la mesa paritaria con 20.000 despidos es ponernos una pistola en la cabeza&#8221;, denunci\u00f3.<\/p>\n<p>En este sentido, advirti\u00f3 que la decisi\u00f3n Asociaci\u00f3n de Trabajadores del Estado es &#8220;pelear por salarios y por la reincorporaci\u00f3n de todos los despedidos&#8221;, y agreg\u00f3: &#8220;Con la ola de despidos el gobierno ya inici\u00f3 la discusi\u00f3n paritaria&#8221;.<\/p>\n<p>&#8220;Desde 2007 los estatales nacionales hemos perdido el 47 por ciento de nuestra capacidad adquisitiva&#8221;, asegur\u00f3 y agreg\u00f3 que &#8220;en los municipios la p\u00e9rdida es mucho mayor&#8221;.<\/p>\n<p>Sobre la situaci\u00f3n de la posible existencia de empleados \u00f1oquis en el Estado, Godoy consider\u00f3 que se trata de &#8220;una excusa para poder implementar los despidos masivos&#8221;.<\/p>\n<p>&#8220;Los trabajadores quieren trabajar y les ponen la polic\u00eda en la puerta para no entrar como en el Ministerio de Cultura y la Direcci\u00f3n de Fabricaciones Militares, por ejemplo&#8221;, subray\u00f3.<\/p>\n<p>Dijo por \u00faltimo que &#8220;el 24 de febrero ser\u00e1 primera medida de fuerza de este a\u00f1o sino hay un cambio en la actitud del gobierno, sino se frenan los despidos y habilitan \u00e1mbitos para discutir salarios y la precariedad laboral&#8221;.<\/p>\n","protected":false},"excerpt":{"rendered":"<p>En una conferencia de prensa llevada a cabo hoy, el Secretario General del Consejo Directivo Nacional del sindicato, Hugo Godoy, anunci\u00f3 un Paro total de actividades con Movilizaci\u00f3n de todos los trabajadores estatales nacionales, provinciales y municipales para el pr\u00f3ximo 24 de febrero. En la oportunidad, el compa\u00f1ero Godoy estuvo acompa\u00f1ado por el secretariado nacional [&hellip;]<\/p>\n","protected":false},"author":1,"featured_media":19220,"comment_status":"open","ping_status":"open","sticky":false,"template":"","format":"standard","meta":{"_exactmetrics_skip_tracking":false,"_exactmetrics_sitenote_active":false,"_exactmetrics_sitenote_note":"","_exactmetrics_sitenote_category":0,"jnews-multi-image_gallery":[],"jnews_single_post":[],"jnews_primary_category":[],"jnews_social_meta":[],"jnews_review":[],"enable_review":"","type":"","name":"","summary":"","brand":"","sku":"","good":[],"bad":[],"score_override":"","override_value":"","rating":[],"price":[],"jnews_override_counter":[],"jnews_post_split":[],"footnotes":""},"categories":[1],"tags":[],"class_list":["post-6334","post","type-post","status-publish","format-standard","has-post-thumbnail","hentry","category-sin-categoria"],"jetpack_featured_media_url":"https:\/\/atecordoba.org\/wp-content\/uploads\/2020\/05\/logo-nuevochico-e1561581322808.png","_links":{"self":[{"href":"https:\/\/atecordoba.org\/index.php?rest_route=\/wp\/v2\/posts\/6334","targetHints":{"allow":["GET"]}}],"collection":[{"href":"https:\/\/atecordoba.org\/index.php?rest_route=\/wp\/v2\/posts"}],"about":[{"href":"https:\/\/atecordoba.org\/index.php?rest_route=\/wp\/v2\/types\/post"}],"author":[{"embeddable":true,"href":"https:\/\/atecordoba.org\/index.php?rest_route=\/wp\/v2\/users\/1"}],"replies":[{"embeddable":true,"href":"https:\/\/atecordoba.org\/index.php?rest_route=%2Fwp%2Fv2%2Fcomments&post=6334"}],"version-history":[{"count":0,"href":"https:\/\/atecordoba.org\/index.php?rest_route=\/wp\/v2\/posts\/6334\/revisions"}],"wp:featuredmedia":[{"embeddable":true,"href":"https:\/\/atecordoba.org\/index.php?rest_route=\/wp\/v2\/media\/19220"}],"wp:attachment":[{"href":"https:\/\/atecordoba.org\/index.php?rest_route=%2Fwp%2Fv2%2Fmedia&parent=6334"}],"wp:term":[{"taxonomy":"category","embeddable":true,"href":"https:\/\/atecordoba.org\/index.php?rest_route=%2Fwp%2Fv2%2Fcategories&post=6334"},{"taxonomy":"post_tag","embeddable":true,"href":"https:\/\/atecordoba.org\/index.php?rest_route=%2Fwp%2Fv2%2Ftags&post=6334"}],"curies":[{"name":"wp","href":"https:\/\/api.w.org\/{rel}","templated":true}]}}