{"id":6324,"date":"2016-02-01T15:38:34","date_gmt":"2016-02-01T18:38:34","guid":{"rendered":"http:\/\/www.atecordoba.org\/?p=6324"},"modified":"2016-02-01T15:38:34","modified_gmt":"2016-02-01T18:38:34","slug":"un-trabajador-se-encadeno-frente-a-la-municipalidad-de-unquillo-para-reclamar-su-reincorporacion","status":"publish","type":"post","link":"https:\/\/atecordoba.org\/?p=6324","title":{"rendered":"Un trabajador se encaden\u00f3 frente a la Municipalidad de Unquillo para reclamar su reincorporaci\u00f3n"},"content":{"rendered":"<p><em>Un trabajador despedido de la Municipalidad de Unquillo se encaden\u00f3 hoy frente a la sede comunal para reclamar su reincorporaci\u00f3n. Se trata de un afiliado de ATE que viene peleando junto sus compa\u00f1eros ante el intendente Jorge Fabrissin, que despidi\u00f3 180 trabajadores contratados y a 64 trabajadores \u00a0de planta permanente.<\/em><\/p>\n<p><a href=\"http:\/\/www.atecordoba.org\/wp-content\/uploads\/2016\/02\/encadenado-web.png\"><img loading=\"lazy\" decoding=\"async\" class=\"aligncenter size-full wp-image-6325\" src=\"http:\/\/www.atecordoba.org\/wp-content\/uploads\/2016\/02\/encadenado-web.png\" alt=\"encadenado web\" width=\"550\" height=\"659\" \/><\/a><\/p>\n<p>El trabajador es un inspector de seguridad ciudadana de 27 a\u00f1os y es jefe de familia. El compa\u00f1ero, junto a otros trabajadores que se desempe\u00f1aban en el \u00e1rea de Seguridad Ciudadana, cumpli\u00f3 funciones durante las inundaciones de febrero del a\u00f1o pasado, socorriendo a los vecinos damnificados cuando se desataron las inundaciones de la regi\u00f3n.<\/p>\n<p>Vale se\u00f1alar que el conflicto por los despidos masivos en Unquillo lleva ya m\u00e1s de 45 d\u00edas sin soluci\u00f3n, que actualmente se encuentra en instancia de negociaci\u00f3n en el Ministerio de Trabajo de la provincia y que la cartera laboral se niega a convocar a ATE para que represente a los trabajadores que se encuentran afiliados a nuestro gremio en dicha instancia.<\/p>\n<p><a href=\"http:\/\/www.atecordoba.org\/wp-content\/uploads\/2016\/02\/encadenado-web-2.png\"><img loading=\"lazy\" decoding=\"async\" class=\"aligncenter size-full wp-image-6326\" src=\"http:\/\/www.atecordoba.org\/wp-content\/uploads\/2016\/02\/encadenado-web-2.png\" alt=\"encadenado web 2\" width=\"550\" height=\"309\" \/><\/a><\/p>\n<p>El trabajador encadenado hizo responsable a Fabrissin de su integridad f\u00edsica. En tanto, ATE mantiene en pie una carpa en la explanada municipal para repudiar la pol\u00edtica del intendente.<\/p>\n<p>Nuestro gremio viene denunciando desde el inicio del conflicto que las autoridades municipales asumidas el pasado 10 de diciembre est\u00e1n desguazando el Estado municipal para implementar un plan de tercerizaci\u00f3n de servicios y aduce que el plantel de trabajadores excede los requerimientos de servicios.<\/p>\n<p>Sin embargo, en diciembre \u00a0Fabrissin, de Uni\u00f3n por C\u00f3rdoba que tambi\u00e9n es oficialismo a nivel provincial, hizo aprobar el presupuesto para el corriente a\u00f1o y all\u00ed contempl\u00f3 el gasto salarial de todos los trabajadores de la municipalidad.<\/p>\n<p>&nbsp;<\/p>\n","protected":false},"excerpt":{"rendered":"<p>Un trabajador despedido de la Municipalidad de Unquillo se encaden\u00f3 hoy frente a la sede comunal para reclamar su reincorporaci\u00f3n. Se trata de un afiliado de ATE que viene peleando junto sus compa\u00f1eros ante el intendente Jorge Fabrissin, que despidi\u00f3 180 trabajadores contratados y a 64 trabajadores \u00a0de planta permanente. El trabajador es un inspector [&hellip;]<\/p>\n","protected":false},"author":1,"featured_media":19220,"comment_status":"open","ping_status":"open","sticky":false,"template":"","format":"standard","meta":{"_exactmetrics_skip_tracking":false,"_exactmetrics_sitenote_active":false,"_exactmetrics_sitenote_note":"","_exactmetrics_sitenote_category":0,"jnews-multi-image_gallery":[],"jnews_single_post":[],"jnews_primary_category":[],"jnews_social_meta":[],"jnews_review":[],"enable_review":"","type":"","name":"","summary":"","brand":"","sku":"","good":[],"bad":[],"score_override":"","override_value":"","rating":[],"price":[],"jnews_override_counter":[],"jnews_post_split":[],"footnotes":""},"categories":[20],"tags":[],"class_list":["post-6324","post","type-post","status-publish","format-standard","has-post-thumbnail","hentry","category-municipales"],"jetpack_featured_media_url":"https:\/\/atecordoba.org\/wp-content\/uploads\/2020\/05\/logo-nuevochico-e1561581322808.png","_links":{"self":[{"href":"https:\/\/atecordoba.org\/index.php?rest_route=\/wp\/v2\/posts\/6324","targetHints":{"allow":["GET"]}}],"collection":[{"href":"https:\/\/atecordoba.org\/index.php?rest_route=\/wp\/v2\/posts"}],"about":[{"href":"https:\/\/atecordoba.org\/index.php?rest_route=\/wp\/v2\/types\/post"}],"author":[{"embeddable":true,"href":"https:\/\/atecordoba.org\/index.php?rest_route=\/wp\/v2\/users\/1"}],"replies":[{"embeddable":true,"href":"https:\/\/atecordoba.org\/index.php?rest_route=%2Fwp%2Fv2%2Fcomments&post=6324"}],"version-history":[{"count":0,"href":"https:\/\/atecordoba.org\/index.php?rest_route=\/wp\/v2\/posts\/6324\/revisions"}],"wp:featuredmedia":[{"embeddable":true,"href":"https:\/\/atecordoba.org\/index.php?rest_route=\/wp\/v2\/media\/19220"}],"wp:attachment":[{"href":"https:\/\/atecordoba.org\/index.php?rest_route=%2Fwp%2Fv2%2Fmedia&parent=6324"}],"wp:term":[{"taxonomy":"category","embeddable":true,"href":"https:\/\/atecordoba.org\/index.php?rest_route=%2Fwp%2Fv2%2Fcategories&post=6324"},{"taxonomy":"post_tag","embeddable":true,"href":"https:\/\/atecordoba.org\/index.php?rest_route=%2Fwp%2Fv2%2Ftags&post=6324"}],"curies":[{"name":"wp","href":"https:\/\/api.w.org\/{rel}","templated":true}]}}