{"id":6311,"date":"2016-01-08T18:42:21","date_gmt":"2016-01-08T21:42:21","guid":{"rendered":"http:\/\/www.atecordoba.org\/?p=6311"},"modified":"2016-01-08T18:42:21","modified_gmt":"2016-01-08T21:42:21","slug":"unquillo-la-guerra-sucia-del-intendente-fabrissin","status":"publish","type":"post","link":"https:\/\/atecordoba.org\/?p=6311","title":{"rendered":"Unquillo: La guerra sucia del intendente Fabrissin"},"content":{"rendered":"<p><em>El conflicto de los trabajadores municipales de Unquillo, causado por el despido y cesaci\u00f3n de alrededor de 250 compa\u00f1eros, ha mostrado la veta autoritaria, la vocaci\u00f3n por la ilegalidad y el desprecio por la cosa p\u00fablica del intendente Jorge Fabrissin.<\/em><\/p>\n<p><a href=\"http:\/\/www.atecordoba.org\/wp-content\/uploads\/2016\/01\/basura-de-fabrissin-e1452289302496.jpg\"><img loading=\"lazy\" decoding=\"async\" class=\"aligncenter size-full wp-image-6312\" src=\"http:\/\/www.atecordoba.org\/wp-content\/uploads\/2016\/01\/basura-de-fabrissin-e1452289302496.jpg\" alt=\"basura de fabrissin\" width=\"550\" height=\"309\" \/><\/a><\/p>\n<p>En un nuevo hecho que busca amedrentar a los trabajadores y a sus dirigentes gremiales, Fabrissin mand\u00f3 hoy volcar\u00a0una monta\u00f1a de tierra y escombros frente a la casa del compa\u00f1ero Alejandro Mur\u00faa, coordinador del cuerpo de delegados de ATE de Unquillo\u00a0y secretario de Interior del Consejo Directivo Provincial. Se trata de la obvia respuesta a la instalaci\u00f3n de la carpa de protesta frente a la sede municipal con que los trabajadores expresan su repudio al intendente y reclaman la inmediata reincorporaci\u00f3n de los despedidos.<\/p>\n<p>El compa\u00f1ero Mur\u00faa, acompa\u00f1ado por otros municipales que le acercaron su solidaridad, realiz\u00f3 la exposici\u00f3n policial pertinente a los efectos que la polic\u00eda y la justicia est\u00e9n al tanto de la situaci\u00f3n y prevengan futuros amedrentamientos sobre los bienes de Mur\u00faa y la integridad del compa\u00f1ero y su familia.<\/p>\n<p>De no detenerse, estos atropellos\u00a0profundizar\u00e1n la p\u00e9rdida de la paz social que genera Fabrissin, mientras niega cualquier posibilidad de di\u00e1logo para canalizar los reclamos de los trabajadores para buscar una salida al conflicto, que ya va a alcanzar el mes de duraci\u00f3n con paro general en el municipio. En tanto, los vecinos sufren la falta de servicios p\u00fablicos, los estudiantes de la escuela de artes reclaman la reapertura de la instituci\u00f3n, avanza el proceso de tercerizaci\u00f3n y privatizaci\u00f3n de los servicios y la presencia policial se impone como un estado de represi\u00f3n permanente.<\/p>\n<p>El Consejo Directivo Provincial de ATE repudia el accionar de Fabrissin y reclama el fin de las agresiones a los trabajadores municipales de Unquillo.<\/p>\n<p>&nbsp;<\/p>\n","protected":false},"excerpt":{"rendered":"<p>El conflicto de los trabajadores municipales de Unquillo, causado por el despido y cesaci\u00f3n de alrededor de 250 compa\u00f1eros, ha mostrado la veta autoritaria, la vocaci\u00f3n por la ilegalidad y el desprecio por la cosa p\u00fablica del intendente Jorge Fabrissin. En un nuevo hecho que busca amedrentar a los trabajadores y a sus dirigentes gremiales, [&hellip;]<\/p>\n","protected":false},"author":1,"featured_media":19220,"comment_status":"open","ping_status":"open","sticky":false,"template":"","format":"standard","meta":{"_exactmetrics_skip_tracking":false,"_exactmetrics_sitenote_active":false,"_exactmetrics_sitenote_note":"","_exactmetrics_sitenote_category":0,"jnews-multi-image_gallery":[],"jnews_single_post":[],"jnews_primary_category":[],"jnews_social_meta":[],"jnews_review":[],"enable_review":"","type":"","name":"","summary":"","brand":"","sku":"","good":[],"bad":[],"score_override":"","override_value":"","rating":[],"price":[],"jnews_override_counter":[],"jnews_post_split":[],"footnotes":""},"categories":[20],"tags":[],"class_list":["post-6311","post","type-post","status-publish","format-standard","has-post-thumbnail","hentry","category-municipales"],"jetpack_featured_media_url":"https:\/\/atecordoba.org\/wp-content\/uploads\/2020\/05\/logo-nuevochico-e1561581322808.png","_links":{"self":[{"href":"https:\/\/atecordoba.org\/index.php?rest_route=\/wp\/v2\/posts\/6311","targetHints":{"allow":["GET"]}}],"collection":[{"href":"https:\/\/atecordoba.org\/index.php?rest_route=\/wp\/v2\/posts"}],"about":[{"href":"https:\/\/atecordoba.org\/index.php?rest_route=\/wp\/v2\/types\/post"}],"author":[{"embeddable":true,"href":"https:\/\/atecordoba.org\/index.php?rest_route=\/wp\/v2\/users\/1"}],"replies":[{"embeddable":true,"href":"https:\/\/atecordoba.org\/index.php?rest_route=%2Fwp%2Fv2%2Fcomments&post=6311"}],"version-history":[{"count":0,"href":"https:\/\/atecordoba.org\/index.php?rest_route=\/wp\/v2\/posts\/6311\/revisions"}],"wp:featuredmedia":[{"embeddable":true,"href":"https:\/\/atecordoba.org\/index.php?rest_route=\/wp\/v2\/media\/19220"}],"wp:attachment":[{"href":"https:\/\/atecordoba.org\/index.php?rest_route=%2Fwp%2Fv2%2Fmedia&parent=6311"}],"wp:term":[{"taxonomy":"category","embeddable":true,"href":"https:\/\/atecordoba.org\/index.php?rest_route=%2Fwp%2Fv2%2Fcategories&post=6311"},{"taxonomy":"post_tag","embeddable":true,"href":"https:\/\/atecordoba.org\/index.php?rest_route=%2Fwp%2Fv2%2Ftags&post=6311"}],"curies":[{"name":"wp","href":"https:\/\/api.w.org\/{rel}","templated":true}]}}