{"id":6294,"date":"2016-01-06T19:09:59","date_gmt":"2016-01-06T22:09:59","guid":{"rendered":"http:\/\/www.atecordoba.org\/?p=6294"},"modified":"2016-01-06T19:09:59","modified_gmt":"2016-01-06T22:09:59","slug":"nueva-movilizacion-contra-los-despidos-en-unquillo","status":"publish","type":"post","link":"https:\/\/atecordoba.org\/?p=6294","title":{"rendered":"Nueva movilizaci\u00f3n contra los despidos en Unquillo"},"content":{"rendered":"<p><em>Ante la falta de respuestas del intendente Jorge Fabrissin\u00a0hoy\u00a0se profundizaron las medidas de protesta con una gran asamblea realizada en frente de la Municipalidad de Unquillo. Desde ATE, junto al gremio municipal local, reclamamos la reincorporaci\u00f3n de 246 trabajadores, despedidos el 31 de diciembre, mientras se mantiene el paro por tiempo indeterminado que tiene paralizados todos los servicios.<\/em><\/p>\n<p><a href=\"http:\/\/www.atecordoba.org\/wp-content\/uploads\/2016\/01\/IMG-20160106-WA0002-e1452117819553.jpg\"><img loading=\"lazy\" decoding=\"async\" class=\"aligncenter size-full wp-image-6295\" src=\"http:\/\/www.atecordoba.org\/wp-content\/uploads\/2016\/01\/IMG-20160106-WA0002-e1452117819553.jpg\" alt=\"IMG-20160106-WA0002\" width=\"550\" height=\"413\" \/><\/a><\/p>\n<p>Los brutales despidos afectan a casi el 60% del plantel de trabajadores y entremezclan la arbitrariedad con una ilegalidad manifiesta, ya que 64 de ellos son personal de planta permanente que el intendente se niega a reconocer y cinco son delegados de ATE que tienen su correspondiente tutela sindical.<\/p>\n<p><a href=\"http:\/\/www.atecordoba.org\/wp-content\/uploads\/2016\/01\/IMG-20160106-WA0008-e1452117887233.jpg\"><img loading=\"lazy\" decoding=\"async\" class=\"aligncenter size-full wp-image-6296\" src=\"http:\/\/www.atecordoba.org\/wp-content\/uploads\/2016\/01\/IMG-20160106-WA0008-e1452117887233.jpg\" alt=\"IMG-20160106-WA0008\" width=\"550\" height=\"413\" \/><\/a><\/p>\n<p>La concentraci\u00f3n cont\u00f3 con un numeroso aporte de vecinos de la ciudad y en la oportunidad estuvieron, junto a cuerpo de delegados de ATE, los compa\u00f1eros de la Comisi\u00f3n Directiva Provincial. El secretario Adjunto, Luis Barcena, el Administrativo, Walter Secondino, el Gremial, Diego Guerra, y el de Prensa, Daniel Pawluchuzk, \u00a0dieron un claro mensaje de toda nuestra ATE: reincorporaci\u00f3n ya y basta de persecuci\u00f3n sindical a los trabajadores. La protesta cont\u00f3 con la presencia del secretario General de la CTA C\u00f3rdoba, Guido Dreizik.<\/p>\n<p><a href=\"http:\/\/www.atecordoba.org\/wp-content\/uploads\/2016\/01\/IMG-20160106-WA0032-e1452117914129.jpg\"><img loading=\"lazy\" decoding=\"async\" class=\"aligncenter size-full wp-image-6297\" src=\"http:\/\/www.atecordoba.org\/wp-content\/uploads\/2016\/01\/IMG-20160106-WA0032-e1452117914129.jpg\" alt=\"IMG-20160106-WA0032\" width=\"550\" height=\"309\" \/><\/a><\/p>\n<p>Sin embargo, las provocaciones del intendente est\u00e1n a la orden del d\u00eda. Mientras Fabrissin asegura que no cuenta con fondos para pagar sueldos, contrata empresas privadas para tercerizar servicios (bacheo, recolecci\u00f3n de residuos, alumbrado, arreglos de calles), echando m\u00e1s nafta al fuego.<\/p>\n<p><a href=\"http:\/\/www.atecordoba.org\/wp-content\/uploads\/2016\/01\/IMG-20160106-WA0031-e1452117981260.jpg\"><img loading=\"lazy\" decoding=\"async\" class=\"aligncenter size-full wp-image-6298\" src=\"http:\/\/www.atecordoba.org\/wp-content\/uploads\/2016\/01\/IMG-20160106-WA0031-e1452117981260.jpg\" alt=\"IMG-20160106-WA0031\" width=\"550\" height=\"309\" \/><\/a><\/p>\n<p>Estas medidas forman parte del proyecto de ordenanza de emergencia econ\u00f3mica social y financiera que el concejo deliberante tiene previsto tratar el pr\u00f3ximo d\u00eda 20, donde Fabrissin pretende legalizar la tercerizaci\u00f3n de los servicios que se est\u00e1 produciendo de hecho actualmente en Unquillo.<\/p>\n<p>Esto expresa el car\u00e1cter pol\u00edtico que Fabrissin le imprime al conflicto con los trabajadores y desnuda las mentiras que viene volcando a la sociedad desde los medios de comunicaci\u00f3n.<\/p>\n<p><a href=\"http:\/\/www.atecordoba.org\/wp-content\/uploads\/2016\/01\/IMG-20160106-WA0033-e1452118016809.jpg\"><img loading=\"lazy\" decoding=\"async\" class=\"aligncenter size-full wp-image-6299\" src=\"http:\/\/www.atecordoba.org\/wp-content\/uploads\/2016\/01\/IMG-20160106-WA0033-e1452118016809.jpg\" alt=\"IMG-20160106-WA0033\" width=\"550\" height=\"978\" \/><\/a><\/p>\n<p>En tanto, su plan de ajuste se mantiene firme con la supresi\u00f3n del servicio gratuito de laboratorio que se brindaba en el dispensario municipal y est\u00e1 por implementar el cobro de un bono a los vecinos por atenci\u00f3n en dicho dispensario, que hasta el momento es de atenci\u00f3n gratuita.<\/p>\n<p>Todo esto paralelamente a que va a dejar m\u00e1s de 200 familias sin sustento, en situaci\u00f3n de precaridad y oblig\u00e1ndolas a sufrir la marginaci\u00f3n por falta de sustento para mantenerse.<\/p>\n<p><a href=\"http:\/\/www.atecordoba.org\/wp-content\/uploads\/2016\/01\/IMG-20160106-WA0035-e1452118054852.jpg\"><img loading=\"lazy\" decoding=\"async\" class=\"aligncenter size-full wp-image-6300\" src=\"http:\/\/www.atecordoba.org\/wp-content\/uploads\/2016\/01\/IMG-20160106-WA0035-e1452118054852.jpg\" alt=\"IMG-20160106-WA0035\" width=\"550\" height=\"309\" \/><\/a><\/p>\n<p>Vale se\u00f1alar que la pol\u00edtica que Fabrissin lleva adelante en Unquillo, que nos retrotrae a cuando fue interventor municipal durante la dictadura, s\u00f3lo puede aplicarse por medio de la fuerza y la represi\u00f3n que explican la presencia policial permanente en la sede municipal.<\/p>\n<p>Repudiamos la represi\u00f3n policial llevada a cabo\u00a0hoy\u00a0que dej\u00f3 como saldo una compa\u00f1era descompuesta por inhalaci\u00f3n de gas pimienta y lacrim\u00f3geno que debi\u00f3 recibir atenci\u00f3n m\u00e9dica.<\/p>\n<p><a href=\"http:\/\/www.atecordoba.org\/wp-content\/uploads\/2016\/01\/IMG-20160106-WA0004-e1452118164516.jpg\"><img loading=\"lazy\" decoding=\"async\" class=\"aligncenter size-full wp-image-6301\" src=\"http:\/\/www.atecordoba.org\/wp-content\/uploads\/2016\/01\/IMG-20160106-WA0004-e1452118164516.jpg\" alt=\"IMG-20160106-WA0004\" width=\"550\" height=\"413\" \/><\/a><\/p>\n<p>Al mismo tiempo, desmentimos que se haya producido roturas en las instalaciones como se difundi\u00f3 a trav\u00e9s de algunas versiones. Lamentamos asimismo tambi\u00e9n que haya resultado herido un efectivo policial, situaci\u00f3n de la que hacemos responsable al intendente.<\/p>\n<p>A la espera de respuestas del intendente se mantienen todas las medidas de fuerza que llevamos conjuntamente desde ATE con la Federaci\u00f3n, manteniendo el paro por tiempo indeterminado.<\/p>\n<p>Tambi\u00e9n agradecemos el apoyo de la comunidad en este dif\u00edcil trance que debemos vivir los trabajadores municipales.<\/p>\n","protected":false},"excerpt":{"rendered":"<p>Ante la falta de respuestas del intendente Jorge Fabrissin\u00a0hoy\u00a0se profundizaron las medidas de protesta con una gran asamblea realizada en frente de la Municipalidad de Unquillo. Desde ATE, junto al gremio municipal local, reclamamos la reincorporaci\u00f3n de 246 trabajadores, despedidos el 31 de diciembre, mientras se mantiene el paro por tiempo indeterminado que tiene paralizados [&hellip;]<\/p>\n","protected":false},"author":1,"featured_media":19220,"comment_status":"open","ping_status":"open","sticky":false,"template":"","format":"standard","meta":{"_exactmetrics_skip_tracking":false,"_exactmetrics_sitenote_active":false,"_exactmetrics_sitenote_note":"","_exactmetrics_sitenote_category":0,"jnews-multi-image_gallery":[],"jnews_single_post":[],"jnews_primary_category":[],"jnews_social_meta":[],"jnews_review":[],"enable_review":"","type":"","name":"","summary":"","brand":"","sku":"","good":[],"bad":[],"score_override":"","override_value":"","rating":[],"price":[],"jnews_override_counter":[],"jnews_post_split":[],"footnotes":""},"categories":[20],"tags":[],"class_list":["post-6294","post","type-post","status-publish","format-standard","has-post-thumbnail","hentry","category-municipales"],"jetpack_featured_media_url":"https:\/\/atecordoba.org\/wp-content\/uploads\/2020\/05\/logo-nuevochico-e1561581322808.png","_links":{"self":[{"href":"https:\/\/atecordoba.org\/index.php?rest_route=\/wp\/v2\/posts\/6294","targetHints":{"allow":["GET"]}}],"collection":[{"href":"https:\/\/atecordoba.org\/index.php?rest_route=\/wp\/v2\/posts"}],"about":[{"href":"https:\/\/atecordoba.org\/index.php?rest_route=\/wp\/v2\/types\/post"}],"author":[{"embeddable":true,"href":"https:\/\/atecordoba.org\/index.php?rest_route=\/wp\/v2\/users\/1"}],"replies":[{"embeddable":true,"href":"https:\/\/atecordoba.org\/index.php?rest_route=%2Fwp%2Fv2%2Fcomments&post=6294"}],"version-history":[{"count":0,"href":"https:\/\/atecordoba.org\/index.php?rest_route=\/wp\/v2\/posts\/6294\/revisions"}],"wp:featuredmedia":[{"embeddable":true,"href":"https:\/\/atecordoba.org\/index.php?rest_route=\/wp\/v2\/media\/19220"}],"wp:attachment":[{"href":"https:\/\/atecordoba.org\/index.php?rest_route=%2Fwp%2Fv2%2Fmedia&parent=6294"}],"wp:term":[{"taxonomy":"category","embeddable":true,"href":"https:\/\/atecordoba.org\/index.php?rest_route=%2Fwp%2Fv2%2Fcategories&post=6294"},{"taxonomy":"post_tag","embeddable":true,"href":"https:\/\/atecordoba.org\/index.php?rest_route=%2Fwp%2Fv2%2Ftags&post=6294"}],"curies":[{"name":"wp","href":"https:\/\/api.w.org\/{rel}","templated":true}]}}