{"id":6292,"date":"2016-01-04T19:15:35","date_gmt":"2016-01-04T22:15:35","guid":{"rendered":"http:\/\/www.atecordoba.org\/?p=6292"},"modified":"2016-01-04T19:15:35","modified_gmt":"2016-01-04T22:15:35","slug":"san-carlos-minas-trabajadores-resisten-frente-al-municipio","status":"publish","type":"post","link":"https:\/\/atecordoba.org\/?p=6292","title":{"rendered":"San Carlos Minas: trabajadores resisten frente al municipio"},"content":{"rendered":"<p><em>El intendente no les paga el sueldo a 10 trabajadores porque fueron nombrados por la gesti\u00f3n anterior. ATE repudia el estado policial en el municipio.<\/em><\/p>\n<p><a href=\"http:\/\/www.atecordoba.org\/wp-content\/uploads\/2015\/12\/san-carlos-minas.png\"><img loading=\"lazy\" decoding=\"async\" class=\"aligncenter size-full wp-image-6259\" src=\"http:\/\/www.atecordoba.org\/wp-content\/uploads\/2015\/12\/san-carlos-minas.png\" alt=\"san carlos minas\" width=\"550\" height=\"308\" \/><\/a><\/p>\n<p>Trabajadores municipales de San Carlos Minas realizaron hoy una nueva protesta, repudiando frente a la sede de la intendencia la falta de pago de los salarios de 10 compa\u00f1eros, que el intendente de la localidad se niega a reconocer como parte del plantel municipal.<\/p>\n<p>El jefe comunal, Cristian Frias no le paga los sueldos porque fueron designados por la gesti\u00f3n anterior -ambas de Uni\u00f3n por C\u00f3rdoba- y les niega el ingreso a su lugar de trabajo, por medio de personajes de su c\u00edrculo pol\u00edtico que se identifican como funcionarios, aunque no pudieron exhibir los decretos de designaci\u00f3n.\u00a0Adem\u00e1s, les hizo saber\u00a0verbalmente que no seguir\u00edan trabajando sin que medie comunicaci\u00f3n formal alguna.<\/p>\n<p>Los delegados de ATE se encuentran desarrollando un plan de lucha para revertir la situaci\u00f3n, a todas luces ilegal, ya que se trata de compa\u00f1eros que fueron designados en planta permanente por Ejecutivo anterior, que encabezaba Miriam Cuenca, y que son v\u00edctimas de la interna pol\u00edtica que envuelve al partido de gobierno.<\/p>\n<p>Mientras por las ma\u00f1anas los compa\u00f1eros que mantienen en la puerta del municipio, por la tarde venden pan casero en la localidad para obtener algunos escasos fondos para sostener a sus familias.<\/p>\n<p>La arbitrariedad de Frias ya fue denunciada por ATE la semana pasada, cuando el intendente se negaba a pagar los salarios de la totalidad del plantel de trabajadores, situaci\u00f3n ahora limitada a los 10 compa\u00f1eros antes citados. El resto s\u00f3lo cobr\u00f3 el 60% de su salario normal y un porcentaje del aguinaldo.<\/p>\n<p><strong>Estado policial<\/strong><\/p>\n<p>ATE denuncia, adem\u00e1s, que la municipalidad se encuentra secuestrada en bajo un estado policial, rodeada por la guardia de infanter\u00eda, mientras un comisario de civil llegado desde C\u00f3rdoba, de apellido Mor\u00e1n, regula en el ingreso quien puede entrar o uno al edificio.<\/p>\n<p>De esta forma queda claro que el gobierno provincial apoya este accionar violento e inusitado de Frias, garantiz\u00e1ndole por medio de la fuerza p\u00fablica que el intendente contin\u00fae cometiendo las ilegalidades descritas.<\/p>\n<p>Esto llega al punto que, en la \u00fanica oportunidad que el secretario de Interior de ATE, Alejandro Mur\u00faa, se reuni\u00f3 con el intendente, \u00e9ste lo recibi\u00f3 acompa\u00f1ado por el comisario a cargo de la delegaci\u00f3n local, que para m\u00e1s detalles\u00a0es su hermano.<\/p>\n<p>ATE repudia este accionar que recuerda m\u00e1s a otras \u00e9pocas de violencia estatal, que cre\u00edamos superadas, e insta al gobierno provincial a poner fin a esta conducta policial fuera de todo marco de un conflicto gremial.<\/p>\n","protected":false},"excerpt":{"rendered":"<p>El intendente no les paga el sueldo a 10 trabajadores porque fueron nombrados por la gesti\u00f3n anterior. ATE repudia el estado policial en el municipio. Trabajadores municipales de San Carlos Minas realizaron hoy una nueva protesta, repudiando frente a la sede de la intendencia la falta de pago de los salarios de 10 compa\u00f1eros, que [&hellip;]<\/p>\n","protected":false},"author":1,"featured_media":19220,"comment_status":"open","ping_status":"open","sticky":false,"template":"","format":"standard","meta":{"_exactmetrics_skip_tracking":false,"_exactmetrics_sitenote_active":false,"_exactmetrics_sitenote_note":"","_exactmetrics_sitenote_category":0,"jnews-multi-image_gallery":[],"jnews_single_post":[],"jnews_primary_category":[],"jnews_social_meta":[],"jnews_review":[],"enable_review":"","type":"","name":"","summary":"","brand":"","sku":"","good":[],"bad":[],"score_override":"","override_value":"","rating":[],"price":[],"jnews_override_counter":[],"jnews_post_split":[],"footnotes":""},"categories":[20],"tags":[],"class_list":["post-6292","post","type-post","status-publish","format-standard","has-post-thumbnail","hentry","category-municipales"],"jetpack_featured_media_url":"https:\/\/atecordoba.org\/wp-content\/uploads\/2020\/05\/logo-nuevochico-e1561581322808.png","_links":{"self":[{"href":"https:\/\/atecordoba.org\/index.php?rest_route=\/wp\/v2\/posts\/6292","targetHints":{"allow":["GET"]}}],"collection":[{"href":"https:\/\/atecordoba.org\/index.php?rest_route=\/wp\/v2\/posts"}],"about":[{"href":"https:\/\/atecordoba.org\/index.php?rest_route=\/wp\/v2\/types\/post"}],"author":[{"embeddable":true,"href":"https:\/\/atecordoba.org\/index.php?rest_route=\/wp\/v2\/users\/1"}],"replies":[{"embeddable":true,"href":"https:\/\/atecordoba.org\/index.php?rest_route=%2Fwp%2Fv2%2Fcomments&post=6292"}],"version-history":[{"count":0,"href":"https:\/\/atecordoba.org\/index.php?rest_route=\/wp\/v2\/posts\/6292\/revisions"}],"wp:featuredmedia":[{"embeddable":true,"href":"https:\/\/atecordoba.org\/index.php?rest_route=\/wp\/v2\/media\/19220"}],"wp:attachment":[{"href":"https:\/\/atecordoba.org\/index.php?rest_route=%2Fwp%2Fv2%2Fmedia&parent=6292"}],"wp:term":[{"taxonomy":"category","embeddable":true,"href":"https:\/\/atecordoba.org\/index.php?rest_route=%2Fwp%2Fv2%2Fcategories&post=6292"},{"taxonomy":"post_tag","embeddable":true,"href":"https:\/\/atecordoba.org\/index.php?rest_route=%2Fwp%2Fv2%2Ftags&post=6292"}],"curies":[{"name":"wp","href":"https:\/\/api.w.org\/{rel}","templated":true}]}}