{"id":6284,"date":"2016-01-04T17:56:57","date_gmt":"2016-01-04T20:56:57","guid":{"rendered":"http:\/\/www.atecordoba.org\/?p=6284"},"modified":"2016-01-04T17:56:57","modified_gmt":"2016-01-04T20:56:57","slug":"unquillo-ate-se-movilizo-hoy-para-resistir-246-despidos-junto-al-gremio-municipal","status":"publish","type":"post","link":"https:\/\/atecordoba.org\/?p=6284","title":{"rendered":"Unquillo: ATE se moviliz\u00f3 hoy para resistir 246 despidos junto al gremio municipal"},"content":{"rendered":"<p><em>En medio de un paro total por tiempo indeterminado resuelto por los trabajadores municipales, ATE se moviliz\u00f3 hoy por las calles de Unquillo repudiando el ajuste del intendente Fabrissin.<\/em><\/p>\n<p><a href=\"http:\/\/www.atecordoba.org\/wp-content\/uploads\/2016\/01\/marcha4-e1451940835745.jpg\"><img loading=\"lazy\" decoding=\"async\" class=\"aligncenter size-full wp-image-6285\" src=\"http:\/\/www.atecordoba.org\/wp-content\/uploads\/2016\/01\/marcha4-e1451940835745.jpg\" alt=\"marcha4\" width=\"550\" height=\"309\" \/><\/a><\/p>\n<p>Una nutrida movilizaci\u00f3n de trabajadores municipales de Unquillo, junto a vecinos, se desarroll\u00f3 hoy al mediod\u00eda para repudiar el despido de uno 246 compa\u00f1eros que formaliz\u00f3 el intendente Jorge Fabrissin el pasado 31 de diciembre, en el marco de un feroz ajuste que el nuevo gobierno de Uni\u00f3n por C\u00f3rdoba aplica en la ciudad.<\/p>\n<p>En la oportunidad estuvieron presentes los integrantes de la Comisi\u00f3n Directiva provincial Luis Barcena, secretario Adjunto, Alejandro Murua, de Interior, Francisco Pav\u00e1n, Progremial, junto a un grupo de vocales.<\/p>\n<p><a href=\"http:\/\/www.atecordoba.org\/wp-content\/uploads\/2016\/01\/edificio-municipal-unquillo-e1451940863767.jpg\"><img loading=\"lazy\" decoding=\"async\" class=\"aligncenter size-full wp-image-6286\" src=\"http:\/\/www.atecordoba.org\/wp-content\/uploads\/2016\/01\/edificio-municipal-unquillo-e1451940863767.jpg\" alt=\"edificio municipal unquillo\" width=\"550\" height=\"309\" \/><\/a><\/p>\n<p>El cuerpo de delegados de ATE viene desarrollando el conflicto en unidad de acci\u00f3n con el gremio municipal, en una lucha que ha convocado tambi\u00e9n a las fuerzas vivas de Unquillo y partidos pol\u00edticos opositores.<\/p>\n<p>Mientras los trabajadores se convocaban en la explanada municipal, un cord\u00f3n de guardias de infanter\u00eda y miembros de la comisar\u00eda local, dando cuenta que Fabrissin implant\u00f3 un estado policial en la ciudad\u00a0 para garantizar el ajuste con la venia del gobierno provincial.<\/p>\n<p><a href=\"http:\/\/www.atecordoba.org\/wp-content\/uploads\/2016\/01\/marcha-e1451940910361.jpg\"><img loading=\"lazy\" decoding=\"async\" class=\"aligncenter size-full wp-image-6287\" src=\"http:\/\/www.atecordoba.org\/wp-content\/uploads\/2016\/01\/marcha-e1451940910361.jpg\" alt=\"marcha\" width=\"550\" height=\"413\" \/><\/a><\/p>\n<p>En tanto, el paro por tiempo indeterminado ha resentido el 85% de los servicios municipales, s\u00f3lo sostenido en m\u00ednimo aporte por punteros y personal af\u00edn al intendente, que decret\u00f3 asueto para disimular el caos que envuelve al municipio.<\/p>\n<p>\u201cNo vamos a admitir que la prepotencia de Fabrissin deje a 246 familias en la calle\u201d, remarc\u00f3 Lu\u00eds Barcena.<\/p>\n<p>El dirigente afirm\u00f3 que \u201cel ajuste empieza por los trabajadores para despu\u00e9s continuar por el conjunto de la comunidad, a trav\u00e9s de un aumento impositivo descomunal que se pretende implementar\u201d.<\/p>\n<p><a href=\"http:\/\/www.atecordoba.org\/wp-content\/uploads\/2016\/01\/carteles-e1451940948201.jpg\"><img loading=\"lazy\" decoding=\"async\" class=\"aligncenter size-full wp-image-6288\" src=\"http:\/\/www.atecordoba.org\/wp-content\/uploads\/2016\/01\/carteles-e1451940948201.jpg\" alt=\"carteles\" width=\"550\" height=\"413\" \/><\/a><\/p>\n<p>Los trabajadores realizan medidas de fuerza desde el 14 de diciembre cuando la ca\u00edda de los salarios presagiaba el ajuste.<\/p>\n<p>De los 246 compa\u00f1eros despedidos, 182 son contratados a los que no se les renovaron los contratos, trabajadores que ten\u00edan ganada la continuidad laboral y cuya situaci\u00f3n contractual, por tener m\u00e1s de seis meses continuados de trabajo, es resultado del fraude laboral de la municipalidad; en tanto, los 64 restantes son compa\u00f1eros de planta permanente que el intendente desconoci\u00f3 a trav\u00e9s de un decreto ilegal, quit\u00e1ndole su condici\u00f3n.<\/p>\n<p><a href=\"http:\/\/www.atecordoba.org\/wp-content\/uploads\/2016\/01\/policia-e1451940991749.jpg\"><img loading=\"lazy\" decoding=\"async\" class=\"aligncenter size-full wp-image-6289\" src=\"http:\/\/www.atecordoba.org\/wp-content\/uploads\/2016\/01\/policia-e1451940991749.jpg\" alt=\"policia\" width=\"550\" height=\"413\" \/><\/a><\/p>\n<p>Para el mi\u00e9rcoles pr\u00f3ximo est\u00e1 prevista otra movilizaci\u00f3n, mientras el paro se mantiene de forma inalterable.<\/p>\n<p>ATE, junto al gremio municipal, reclaman la reincorporaci\u00f3n de la totalidad de los trabajadores para restablecer la paz social en Unquillo.<\/p>\n<p>&nbsp;<\/p>\n","protected":false},"excerpt":{"rendered":"<p>En medio de un paro total por tiempo indeterminado resuelto por los trabajadores municipales, ATE se moviliz\u00f3 hoy por las calles de Unquillo repudiando el ajuste del intendente Fabrissin. Una nutrida movilizaci\u00f3n de trabajadores municipales de Unquillo, junto a vecinos, se desarroll\u00f3 hoy al mediod\u00eda para repudiar el despido de uno 246 compa\u00f1eros que formaliz\u00f3 [&hellip;]<\/p>\n","protected":false},"author":1,"featured_media":19220,"comment_status":"open","ping_status":"open","sticky":false,"template":"","format":"standard","meta":{"_exactmetrics_skip_tracking":false,"_exactmetrics_sitenote_active":false,"_exactmetrics_sitenote_note":"","_exactmetrics_sitenote_category":0,"jnews-multi-image_gallery":[],"jnews_single_post":[],"jnews_primary_category":[],"jnews_social_meta":[],"jnews_review":[],"enable_review":"","type":"","name":"","summary":"","brand":"","sku":"","good":[],"bad":[],"score_override":"","override_value":"","rating":[],"price":[],"jnews_override_counter":[],"jnews_post_split":[],"footnotes":""},"categories":[20],"tags":[],"class_list":["post-6284","post","type-post","status-publish","format-standard","has-post-thumbnail","hentry","category-municipales"],"jetpack_featured_media_url":"https:\/\/atecordoba.org\/wp-content\/uploads\/2020\/05\/logo-nuevochico-e1561581322808.png","_links":{"self":[{"href":"https:\/\/atecordoba.org\/index.php?rest_route=\/wp\/v2\/posts\/6284","targetHints":{"allow":["GET"]}}],"collection":[{"href":"https:\/\/atecordoba.org\/index.php?rest_route=\/wp\/v2\/posts"}],"about":[{"href":"https:\/\/atecordoba.org\/index.php?rest_route=\/wp\/v2\/types\/post"}],"author":[{"embeddable":true,"href":"https:\/\/atecordoba.org\/index.php?rest_route=\/wp\/v2\/users\/1"}],"replies":[{"embeddable":true,"href":"https:\/\/atecordoba.org\/index.php?rest_route=%2Fwp%2Fv2%2Fcomments&post=6284"}],"version-history":[{"count":0,"href":"https:\/\/atecordoba.org\/index.php?rest_route=\/wp\/v2\/posts\/6284\/revisions"}],"wp:featuredmedia":[{"embeddable":true,"href":"https:\/\/atecordoba.org\/index.php?rest_route=\/wp\/v2\/media\/19220"}],"wp:attachment":[{"href":"https:\/\/atecordoba.org\/index.php?rest_route=%2Fwp%2Fv2%2Fmedia&parent=6284"}],"wp:term":[{"taxonomy":"category","embeddable":true,"href":"https:\/\/atecordoba.org\/index.php?rest_route=%2Fwp%2Fv2%2Fcategories&post=6284"},{"taxonomy":"post_tag","embeddable":true,"href":"https:\/\/atecordoba.org\/index.php?rest_route=%2Fwp%2Fv2%2Ftags&post=6284"}],"curies":[{"name":"wp","href":"https:\/\/api.w.org\/{rel}","templated":true}]}}