{"id":6270,"date":"2015-12-29T18:04:29","date_gmt":"2015-12-29T21:04:29","guid":{"rendered":"http:\/\/www.atecordoba.org\/?p=6270"},"modified":"2015-12-29T18:04:29","modified_gmt":"2015-12-29T21:04:29","slug":"junto-a-otros-gremios-ate-marcho-en-el-repudio-multitudinario-contra-ajuste-previsional-de-schiaretti","status":"publish","type":"post","link":"https:\/\/atecordoba.org\/?p=6270","title":{"rendered":"Junto a otros gremios, ATE march\u00f3 en el repudio multitudinario contra ajuste previsional de Schiaretti"},"content":{"rendered":"<p style=\"line-height: 18.0pt;\"><em><span style=\"font-family: 'Georgia','serif'; color: #333333;\">En C\u00f3rdoba Capital, el Consejo Directivo Provincial se moviliz\u00f3 junto a otras organizaciones sindicales en rechazo de la ley provincial que reduce el c\u00e1lculo de los haberes<\/span><\/em><span class=\"apple-converted-space\"><i><span style=\"font-family: 'Georgia','serif'; color: #333333;\">\u00a0<\/span><\/i><\/span><em><span style=\"font-family: 'Georgia','serif'; color: #333333;\">que paga la Caja de Jubilaciones. El repudio al ajuste que impone el gobernador Schiaretti se hizo sentir tambi\u00e9n en el interior provincial.\u00a0<\/span><\/em><\/p>\n<p style=\"line-height: 18.0pt; orphans: auto; text-align: start; widows: 1; -webkit-text-stroke-width: 0px; word-spacing: 0px;\"><span style=\"font-family: 'Georgia','serif'; color: #333333;\"><a href=\"http:\/\/www.atecordoba.org\/wp-content\/uploads\/2015\/12\/DSC_0096-e1451409085969.jpg\"><img loading=\"lazy\" decoding=\"async\" class=\"aligncenter size-full wp-image-6268\" src=\"http:\/\/www.atecordoba.org\/wp-content\/uploads\/2015\/12\/DSC_0096-e1451409085969.jpg\" alt=\"DSC_0096\" width=\"550\" height=\"309\" \/><\/a>\u00a0<\/span><\/p>\n<p style=\"line-height: 18.0pt; orphans: auto; text-align: start; widows: 1; -webkit-text-stroke-width: 0px; word-spacing: 0px;\"><span style=\"font-family: 'Georgia','serif'; color: #333333;\">En el marco del paro nacional con movilizaciones que el Consejo Directivo Nacional de ATE resolvi\u00f3 para hoy, en reclamo por la estabilidad de los estatales y por un bono de 5000 pesos para todos los trabajadores, ATE C\u00f3rdoba march\u00f3 junto al resto de los gremios estatales provinciales y municipales en repudio a la reforma previsional del gobernador Schiaretti.\u00a0<\/span><\/p>\n<p style=\"line-height: 18.0pt; orphans: auto; text-align: start; widows: 1; -webkit-text-stroke-width: 0px; word-spacing: 0px;\"><span style=\"font-family: 'Georgia','serif'; color: #333333;\">La norma, aprobada la semana pasada con el voto del bloque oficialista m\u00e1s la UCR, el PRO y el juecismo, modifica el c\u00e1lculo <a href=\"http:\/\/www.atecordoba.org\/wp-content\/uploads\/2015\/12\/DSC_0080-e1451422302625.jpg\"><img loading=\"lazy\" decoding=\"async\" class=\" wp-image-6271 alignright\" src=\"http:\/\/www.atecordoba.org\/wp-content\/uploads\/2015\/12\/DSC_0080-e1451422302625.jpg\" alt=\"DSC_0080\" width=\"409\" height=\"230\" \/><\/a>del haber jubilatorio que paga la Caja provincial y en consecuencia a partir de ahora los sueldos de los pasivos ser\u00e1n un 73% del de los activos, en vez del 82% hist\u00f3rico que se cobraba en C\u00f3rdoba.<\/span><\/p>\n<p style=\"line-height: 18.0pt; orphans: auto; text-align: start; widows: 1; -webkit-text-stroke-width: 0px; word-spacing: 0px;\"><span style=\"font-family: 'Georgia','serif'; color: #333333;\">De esta forma, el gobierno profundiza el proceso de &#8216;armonizaci\u00f3n&#8217; que la Anses ven\u00eda reclamando hace a\u00f1os, recortando derechos adquiridos de miles de trabajadores que hicieron aportes por el 18% de sus salarios -en algunos casos como los judiciales o los compa\u00f1eros de Luz y Fuerza se trata del 21%- para cobrar una jubilaci\u00f3n digna, precisamente en funci\u00f3n de los aportes realizados.<\/span><\/p>\n<p style=\"line-height: 18.0pt; orphans: auto; text-align: start; widows: 1; -webkit-text-stroke-width: 0px; word-spacing: 0px;\"><span style=\"font-family: 'Georgia','serif'; color: #333333;\">Esta nueva estafa cont\u00f3 hoy con el repudio de todos los gremios estatales de C\u00f3rdoba, que integran tanto la CTA como la CGT y miles de trabajadores inundaron las calles del centro.\u00a0<\/span><\/p>\n<p style=\"line-height: 18.0pt; orphans: auto; text-align: start; widows: 1; -webkit-text-stroke-width: 0px; word-spacing: 0px;\"><span style=\"font-family: 'Georgia','serif'; color: #333333;\"><a href=\"http:\/\/www.atecordoba.org\/wp-content\/uploads\/2015\/12\/DSC_0050-e1451422411380.jpg\"><img loading=\"lazy\" decoding=\"async\" class=\" wp-image-6272 alignleft\" src=\"http:\/\/www.atecordoba.org\/wp-content\/uploads\/2015\/12\/DSC_0050-e1451422411380.jpg\" alt=\"DSC_0050\" width=\"372\" height=\"209\" \/><\/a>Una importante columna de nuestro gremio, encabezada por el secretario Administrativo Walter Secondino, el Gremial, Diego Guerra, el progremial Francisco Pav\u00e1n, de Prensa, Daniel Pawluchuzk, de Finanzas, Mar\u00eda Palomeque, de Acci\u00f3n Social, Miriam Martino, \u00a0y de Organizaci\u00f3n, V\u00edctor Lecuona, entre otros, parti\u00f3 desde la sede de nuestro gremio para confluir en la esquina de Col\u00f3n y General Paz con otros gremios en lucha.<\/span><\/p>\n<p style=\"line-height: 18.0pt; orphans: auto; text-align: start; widows: 1; -webkit-text-stroke-width: 0px; word-spacing: 0px;\"><span style=\"font-family: 'Georgia','serif'; color: #333333;\">En tanto, la secretaria General del CDP, Mar\u00eda Liliana Salerno, encabez\u00f3 el acto que las seccionales Villa Mar\u00eda y R\u00edo Tercero realizaron en Villa Mar\u00eda con la participaci\u00f3n masiva de los compa\u00f1eros de ambas f\u00e1bricas militares.<\/span><\/p>\n<p style=\"line-height: 18.0pt; orphans: auto; text-align: start; widows: 1; -webkit-text-stroke-width: 0px; word-spacing: 0px;\"><a href=\"http:\/\/www.atecordoba.org\/wp-content\/uploads\/2015\/12\/DSC_0093-e1451422494843.jpg\"><img loading=\"lazy\" decoding=\"async\" class=\"aligncenter size-full wp-image-6273\" src=\"http:\/\/www.atecordoba.org\/wp-content\/uploads\/2015\/12\/DSC_0093-e1451422494843.jpg\" alt=\"DSC_0093\" width=\"550\" height=\"309\" \/><\/a><\/p>\n<p style=\"line-height: 18.0pt; orphans: auto; text-align: start; widows: 1; -webkit-text-stroke-width: 0px; word-spacing: 0px;\"><span style=\"font-family: 'Georgia','serif'; color: #333333;\">En la oportunidad estuvieron presentes en secretario General de la CTA C\u00f3rdoba, Guido Dreizik, y el secretario General del Cispren, Carlos Valduvino.\u00a0<\/span><\/p>\n<p style=\"line-height: 18.0pt; orphans: auto; text-align: start; widows: 1; -webkit-text-stroke-width: 0px; word-spacing: 0px;\"><span style=\"font-family: 'Georgia','serif'; color: #333333;\">&#8220;Esta gran marcha est\u00e1 demostrando que a pesar del consenso que dice que gobierno que tiene para esta reforma jubilatoria, lo cierto es que hay un amplio sector de los trabajadores que no est\u00e1n de acuerdo. M\u00e1s all\u00e1 que la ley lamentablemente se aprob\u00f3, vamos a luchar con todas las herramientas que tengamos a nuestro alcance. Estamos sorprendidos por la masiva participaci\u00f3n de los compa\u00f1eros en estas fechas&#8221;, dijo Secondino durante la marcha.<\/span><\/p>\n<p style=\"line-height: 18.0pt; orphans: auto; text-align: start; widows: 1; -webkit-text-stroke-width: 0px; word-spacing: 0px;\"><a href=\"http:\/\/www.atecordoba.org\/wp-content\/uploads\/2015\/12\/10592869_189050744782311_967709433602057056_n-e1451422535502.jpg\"><img loading=\"lazy\" decoding=\"async\" class=\"aligncenter size-full wp-image-6274\" src=\"http:\/\/www.atecordoba.org\/wp-content\/uploads\/2015\/12\/10592869_189050744782311_967709433602057056_n-e1451422535502.jpg\" alt=\"10592869_189050744782311_967709433602057056_n\" width=\"550\" height=\"413\" \/><\/a><\/p>\n<p style=\"line-height: 18.0pt; orphans: auto; text-align: start; widows: 1; -webkit-text-stroke-width: 0px; word-spacing: 0px;\"><span style=\"font-family: 'Georgia','serif'; color: #333333;\">El dirigente remarc\u00f3 que a causa que los partidos pol\u00edticos se encolumnaron detr\u00e1s de Schiaretti, al igual que lo hicieron con Mestre en el conflicto por el Ente municipal, le toca al movimiento obrero ser el eje de la resistencia al ajuste. &#8220;Por eso los sindicatos y el campo popular somos los que hoy estamos enfrentando no s\u00f3lo la reforma de la Caja sino tambi\u00e9n el ajuste que sufrimos los argentinos con este gobierno de Macri. Por eso estamos en la calle en todo el pa\u00eds: ning\u00fan funcionario nacional le garantiza la continuidad de los puestos de trabajo a los miles de trabajadores precarizados que est\u00e1n en el Estado&#8221;.<\/span><\/p>\n<p style=\"line-height: 18.0pt; orphans: auto; text-align: start; widows: 1; -webkit-text-stroke-width: 0px; word-spacing: 0px;\"><a href=\"http:\/\/www.atecordoba.org\/wp-content\/uploads\/2015\/12\/DSC_0100-e1451422582603.jpg\"><img loading=\"lazy\" decoding=\"async\" class=\" wp-image-6275 alignright\" src=\"http:\/\/www.atecordoba.org\/wp-content\/uploads\/2015\/12\/DSC_0100-e1451422582603.jpg\" alt=\"DSC_0100\" width=\"370\" height=\"208\" \/><\/a><\/p>\n<p style=\"line-height: 18.0pt; orphans: auto; text-align: start; widows: 1; -webkit-text-stroke-width: 0px; word-spacing: 0px;\"><span style=\"font-family: 'Georgia','serif'; color: #333333;\">La movilizaci\u00f3n cont\u00f3 con la presencia de diversos sectores del Estado nacional y provincial, en tanto los municipales se encuentran en el interior afrontando los conflictos que surgieron en distintas intendencias donde los jefes comunales intentan implantar un feroz ajuste con despidos y ca\u00eddas de salario.\u00a0<\/span><\/p>\n<p style=\"line-height: 18.0pt; orphans: auto; text-align: start; widows: 1; -webkit-text-stroke-width: 0px; word-spacing: 0px;\"><span style=\"font-family: 'Georgia','serif'; color: #333333;\">En ese sentido, Pawluchuzk afirm\u00f3 que &#8220;queremos que todos los compa\u00f1eros contratados queden en planta. Los nacionales est\u00e1n en una pelea muy fuerte en ese camino, pero tambi\u00e9n los municipales en distintas ciudades est\u00e1n sufriendo la misma incertidumbre. En cuanto a los provinciales, est\u00e1 claro que ATE va a disponer de un plan de lucha que va m\u00e1s all\u00e1 de esta marcha, porque esto que estamos viviendo es el camino para la armonizaci\u00f3n total de las jubilaciones que pretende tanto el gobierno de Macri como el de Schiaretti. Y nosotros no estamos dispuestos a ceder porque el 82% es una conquista de los trabajadores de la Provincia&#8221;.<\/span><\/p>\n<p style=\"line-height: 18.0pt; orphans: auto; text-align: start; widows: 1; -webkit-text-stroke-width: 0px; word-spacing: 0px;\"><span style=\"font-family: 'Georgia','serif'; color: #333333;\"><a href=\"http:\/\/www.atecordoba.org\/wp-content\/uploads\/2015\/12\/DSC_0055-e1451422688317.jpg\"><img loading=\"lazy\" decoding=\"async\" class=\" wp-image-6276 alignleft\" src=\"http:\/\/www.atecordoba.org\/wp-content\/uploads\/2015\/12\/DSC_0055-e1451422688317.jpg\" alt=\"DSC_0055\" width=\"377\" height=\"212\" \/><\/a>Y agrego: &#8221; a esto le sumamos que no hay n\u00fameros ciertos del estado de la Caja de Jubilaciones y encima tenemos monotrobutistas que trabajan en la Provincia y hacen aportes al sistema nacional. El gobernador Schiaretti deber\u00eda blanquear a esos compa\u00f1eros como primer paso para empezar a discutir seriamente la situaci\u00f3n de la Caja&#8221;.\u00a0<\/span><\/p>\n<p style=\"line-height: 18.0pt; orphans: auto; text-align: start; widows: 1; -webkit-text-stroke-width: 0px; word-spacing: 0px;\"><span style=\"font-family: 'Georgia','serif'; color: #333333;\">Al finalizar la movilizaci\u00f3n frente a Casa de Gobierno, el secretario General de la CTA, Guido Dreizik, manifest\u00f3 que &#8220;esta es una contundente respuesta a una maniobra que seguramente se planific\u00f3 hace varios meses y que el gobierno puso sobre la mesa en medio de las fiestas para intentar impedir la reacci\u00f3n de los trabajadores. Es un despojo a los jubilados urdido conjuntamente entre el Pj, la UCR y el macrismo. Pero esta respuesta p\u00fablica de los trabajadores organizados demuestra que la pelea reci\u00e9n comienza. El 2016 ser\u00e1 un a\u00f1o de lucha y el neoliberalismo deber\u00e1 convencerse que no puede hacer lo que quiere, porque el pueblo trabajador va a dar las batallas que corresponden&#8221;.<\/span><\/p>\n<p style=\"line-height: 18.0pt; orphans: auto; text-align: start; widows: 1; -webkit-text-stroke-width: 0px; word-spacing: 0px;\"><a href=\"http:\/\/www.atecordoba.org\/wp-content\/uploads\/2015\/12\/DSC_0102-e1451422764261.jpg\"><img loading=\"lazy\" decoding=\"async\" class=\"aligncenter size-full wp-image-6277\" src=\"http:\/\/www.atecordoba.org\/wp-content\/uploads\/2015\/12\/DSC_0102-e1451422764261.jpg\" alt=\"DSC_0102\" width=\"550\" height=\"309\" \/><\/a><\/p>\n<p style=\"line-height: 18.0pt; orphans: auto; text-align: start; widows: 1; -webkit-text-stroke-width: 0px; word-spacing: 0px;\"><strong><span style=\"font-family: 'Georgia','serif'; color: #333333;\">En el interior<\/span><\/strong><\/p>\n<p style=\"line-height: 18.0pt; orphans: auto; text-align: start; widows: 1; -webkit-text-stroke-width: 0px; word-spacing: 0px;\"><span style=\"font-family: 'Georgia','serif'; color: #333333;\">Las seccionales R\u00edo Tercero y Villa Mar\u00eda confluyeron en esta \u00faltima ciudad para marchar en el marco del paro nacional de ATE. A la grilla de reivindicaciones nacionales, se suma el reclamo de particular de las f\u00e1bricas militares, que exigen el pase a planta de los compa\u00f1eros que aun no cuentan con la estabilidad laboral que garantiza la legislaci\u00f3n para los trabajadores estatales.\u00a0<\/span><\/p>\n<p style=\"line-height: 18.0pt; orphans: auto; text-align: start; widows: 1; -webkit-text-stroke-width: 0px; word-spacing: 0px;\"><a href=\"http:\/\/www.atecordoba.org\/wp-content\/uploads\/2015\/12\/mercado-y-salerno-e1451422814243.jpg\"><img loading=\"lazy\" decoding=\"async\" class=\"aligncenter size-full wp-image-6278\" src=\"http:\/\/www.atecordoba.org\/wp-content\/uploads\/2015\/12\/mercado-y-salerno-e1451422814243.jpg\" alt=\"mercado y salerno\" width=\"550\" height=\"413\" \/><\/a><\/p>\n<p style=\"line-height: 18.0pt; orphans: auto; text-align: start; widows: 1; -webkit-text-stroke-width: 0px; word-spacing: 0px;\"><span style=\"font-family: 'Georgia','serif'; color: #333333;\">All\u00ed, la secretaria General Mar\u00eda Liliana Salerno, reivindic\u00f3 la unidad del movimiento obrero para avanzar en la resistencia del ajuste que se viene en todos los sectores de parte de los gobiernos y los patrones privados. &#8220;En ATE tuvimos elecciones y en distintas provincias ganaron diferentes listas pero ahora estamos todos juntos por un objetivo en com\u00fan. Lo mismo buscamos para la CTA y creemos que la CGT debe hacerlo igual&#8221;, asegur\u00f3 la dirigente.\u00a0<\/span><\/p>\n<p style=\"line-height: 18.0pt; orphans: auto; text-align: start; widows: 1; -webkit-text-stroke-width: 0px; word-spacing: 0px;\"><a href=\"http:\/\/www.atecordoba.org\/wp-content\/uploads\/2015\/12\/1606902_189045121449540_7663133044009766586_n-e1451422884342.jpg\"><img loading=\"lazy\" decoding=\"async\" class=\"aligncenter size-full wp-image-6279\" src=\"http:\/\/www.atecordoba.org\/wp-content\/uploads\/2015\/12\/1606902_189045121449540_7663133044009766586_n-e1451422884342.jpg\" alt=\"1606902_189045121449540_7663133044009766586_n\" width=\"550\" height=\"413\" \/><\/a><\/p>\n<p style=\"line-height: 18.0pt; orphans: auto; text-align: start; widows: 1; -webkit-text-stroke-width: 0px; word-spacing: 0px;\"><span style=\"font-family: 'Georgia','serif'; color: #333333;\">La marcha parti\u00f3 desde la Casa de C\u00f3rdoba en la ciudad para finalizar en la plaza centenario. La seccional Villa Mar\u00eda se moviliz\u00f3, encabezada por su secretario General Fernando Mercado, en tanto R\u00edo Tercero por sus secretarios Administrativo, Dar\u00edo Torres, y el Gremial, Dami\u00e1n Albornoz, ya que los secretarios General y Adjunto se encuentran enfermos.\u00a0<\/span><\/p>\n<p style=\"line-height: 18.0pt; orphans: auto; text-align: start; widows: 1; -webkit-text-stroke-width: 0px; word-spacing: 0px;\"><a href=\"http:\/\/www.atecordoba.org\/wp-content\/uploads\/2015\/12\/941014_189044971449555_7719699670538050847_n-e1451423040229.jpg\"><img loading=\"lazy\" decoding=\"async\" class=\"aligncenter size-full wp-image-6280\" src=\"http:\/\/www.atecordoba.org\/wp-content\/uploads\/2015\/12\/941014_189044971449555_7719699670538050847_n-e1451423040229.jpg\" alt=\"941014_189044971449555_7719699670538050847_n\" width=\"550\" height=\"413\" \/><\/a><\/p>\n<p style=\"line-height: 18.0pt; orphans: auto; text-align: start; widows: 1; -webkit-text-stroke-width: 0px; word-spacing: 0px;\"><span style=\"font-family: 'Georgia','serif'; color: #333333;\">Tambi\u00e9n estuvieron el secretario general de la CTA Villa Mar\u00eda, Jos\u00e9 Gorozo, y el hist\u00f3rico dirigente de ATE, e integrante de la comisi\u00f3n normalizadora del Centro de Jubilados nacional, Oscar Cacho Mengarelli.<\/span><\/p>\n","protected":false},"excerpt":{"rendered":"<p>En C\u00f3rdoba Capital, el Consejo Directivo Provincial se moviliz\u00f3 junto a otras organizaciones sindicales en rechazo de la ley provincial que reduce el c\u00e1lculo de los haberes\u00a0que paga la Caja de Jubilaciones. El repudio al ajuste que impone el gobernador Schiaretti se hizo sentir tambi\u00e9n en el interior provincial.\u00a0 \u00a0 En el marco del paro [&hellip;]<\/p>\n","protected":false},"author":1,"featured_media":19220,"comment_status":"open","ping_status":"open","sticky":false,"template":"","format":"standard","meta":{"_exactmetrics_skip_tracking":false,"_exactmetrics_sitenote_active":false,"_exactmetrics_sitenote_note":"","_exactmetrics_sitenote_category":0,"jnews-multi-image_gallery":[],"jnews_single_post":[],"jnews_primary_category":[],"jnews_social_meta":[],"jnews_review":[],"enable_review":"","type":"","name":"","summary":"","brand":"","sku":"","good":[],"bad":[],"score_override":"","override_value":"","rating":[],"price":[],"jnews_override_counter":[],"jnews_post_split":[],"footnotes":""},"categories":[18,8],"tags":[],"class_list":["post-6270","post","type-post","status-publish","format-standard","has-post-thumbnail","hentry","category-nacionales","category-provinciales"],"jetpack_featured_media_url":"https:\/\/atecordoba.org\/wp-content\/uploads\/2020\/05\/logo-nuevochico-e1561581322808.png","_links":{"self":[{"href":"https:\/\/atecordoba.org\/index.php?rest_route=\/wp\/v2\/posts\/6270","targetHints":{"allow":["GET"]}}],"collection":[{"href":"https:\/\/atecordoba.org\/index.php?rest_route=\/wp\/v2\/posts"}],"about":[{"href":"https:\/\/atecordoba.org\/index.php?rest_route=\/wp\/v2\/types\/post"}],"author":[{"embeddable":true,"href":"https:\/\/atecordoba.org\/index.php?rest_route=\/wp\/v2\/users\/1"}],"replies":[{"embeddable":true,"href":"https:\/\/atecordoba.org\/index.php?rest_route=%2Fwp%2Fv2%2Fcomments&post=6270"}],"version-history":[{"count":0,"href":"https:\/\/atecordoba.org\/index.php?rest_route=\/wp\/v2\/posts\/6270\/revisions"}],"wp:featuredmedia":[{"embeddable":true,"href":"https:\/\/atecordoba.org\/index.php?rest_route=\/wp\/v2\/media\/19220"}],"wp:attachment":[{"href":"https:\/\/atecordoba.org\/index.php?rest_route=%2Fwp%2Fv2%2Fmedia&parent=6270"}],"wp:term":[{"taxonomy":"category","embeddable":true,"href":"https:\/\/atecordoba.org\/index.php?rest_route=%2Fwp%2Fv2%2Fcategories&post=6270"},{"taxonomy":"post_tag","embeddable":true,"href":"https:\/\/atecordoba.org\/index.php?rest_route=%2Fwp%2Fv2%2Ftags&post=6270"}],"curies":[{"name":"wp","href":"https:\/\/api.w.org\/{rel}","templated":true}]}}