{"id":6265,"date":"2015-12-28T19:22:17","date_gmt":"2015-12-28T22:22:17","guid":{"rendered":"http:\/\/www.atecordoba.org\/?p=6265"},"modified":"2015-12-28T19:22:17","modified_gmt":"2015-12-28T22:22:17","slug":"manana-marchamos-contra-la-rebaja-jubilatoria-de-schiaretti","status":"publish","type":"post","link":"https:\/\/atecordoba.org\/?p=6265","title":{"rendered":"Ma\u00f1ana marchamos contra la rebaja jubilatoria de Schiaretti"},"content":{"rendered":"<p><em>En el marco de la jornada nacional de protesta que ATE llevar\u00e1 a cabo en todo el pa\u00eds, el Consejo Directivo Provincial convoca a todos los estatales nacionales, provinciales y municipales a concentrar ma\u00f1ana en la sede de nuestro gremio Entre R\u00edos 450, a las 9 horas, para movilizarnos en repudio de la rebaja de las jubilaciones provinciales que el gobernador Schiaretti hizo aprobar por ley la semana pasada.<\/em><\/p>\n<p><a href=\"http:\/\/www.atecordoba.org\/wp-content\/uploads\/2015\/12\/DSC_0224-e1449169759121.jpg\"><img loading=\"lazy\" decoding=\"async\" class=\"aligncenter size-full wp-image-6139\" src=\"http:\/\/www.atecordoba.org\/wp-content\/uploads\/2015\/12\/DSC_0224-e1449169759121.jpg\" alt=\"DSC_0224\" width=\"550\" height=\"309\" \/><\/a><\/p>\n<p>Desde ATE nos expresamos, una vez m\u00e1s, en defensa de la Caja de Jubilaciones que los sucesivos gobiernos provinciales vienen agrediendo desde hace 20 a\u00f1os, m\u00e1s all\u00e1 del color pol\u00edtico. Ahora la pretendida armonizaci\u00f3n con el sistema nacional de la Anses es una nueva estafa a quienes realizamos aportes desde nuestros salarios. El nuevo c\u00e1lculo del haber, llevando del 82% al 73% de los activos, es una p\u00e9rdida brutal del poder adquisitivo de los jubilados.<\/p>\n<p>Si bien es saludable que se quite el diferimiento de los salarios en relaci\u00f3n a los activos, no podemos admitir que en contrapartida el gobierno menoscabe los derechos adquiridos de miles de aportantes, sobre todo en flagrante contradicci\u00f3n con el discurso de campa\u00f1a del gobernador, que se comprometi\u00f3 a defender el 82%. Tambi\u00e9n es contradictorio con el gobierno precedente, del mismo partido, que se negaba a aplicar la armonizaci\u00f3n en rechazo al modelo nacional.<\/p>\n<p>En ese sentido, hacemos un llamamiento a todos los trabajadores provinciales a resistir este ajuste. Por eso marcharemos conjuntamente con todos los gremios que se oponen a esta injusta reforma previsional oficial.<\/p>\n<p>ATE reclama tambi\u00e9n la derogaci\u00f3n de las leyes de emergencia econ\u00f3mica de los municipios de la provincia, atajo que utilizan los intendentes para despedir trabajadores tal como puede comprobarse en distintas comunas del interior provincial.<\/p>\n<p><strong>Seccionales<\/strong><\/p>\n<p>Por su parte, los trabajadores de Fabricaciones Militares de Villa Mar\u00eda y R\u00edo Tercero se movilizar\u00e1n ma\u00f1ana, conjuntamente, en la ciudad de Villa Mar\u00eda reclamando a las nuevas autoridades de la Direcci\u00f3n General de Fabricaciones Militares (DGFM) los contratos por el t\u00e9rmino de un a\u00f1o de todos los compa\u00f1eros contratados en el sector.<\/p>\n<p>La marcha se llevar\u00e1 a cabo desde la Casa de la Provincia de C\u00f3rdoba, sita en calle Mendoza al 1000, hasta el Banco Naci\u00f3n, frente a la plaza Centenario, donde se realizar\u00e1 un acto de cierre, con la participaci\u00f3n de nuestra Secretaria General, Mar\u00eda Liliana Salerno.<\/p>\n<p>En la oportunidad, estar\u00e1n presentes tambi\u00e9n la CGT y la CTA de Villa Mar\u00eda, as\u00ed como organizaciones sociales que toman el reclamo por la Caja de Jubilaciones.<\/p>\n<p>A su turno, la seccional R\u00edo Cuarto, en consonancia con lo dispuesto por el Consejo Directivo, se movilizar\u00e1n en el centro de la ciudad.<\/p>\n<p><strong>Jornada Nacional<\/strong><\/p>\n<p>En la misma l\u00ednea de resistir el ajuste, el Consejo Directivo Nacional resolvi\u00f3 para ma\u00f1ana a una jornada de lucha, con paros y protestas en todo el pa\u00eds, en reclamo de:<\/p>\n<ul>\n<li>Estabilidad laboral de todo\/as los\/las trabajadores\/as<\/li>\n<li>Bono de fin de a\u00f1o de $5000<\/li>\n<li>Apertura de paritarias<\/li>\n<\/ul>\n<p>En la ciudad de Buenos Aires se realizar\u00e1 una movilizaci\u00f3n a las 11 horas a la sede del Ministerio de Trabajo de la Naci\u00f3n.<\/p>\n","protected":false},"excerpt":{"rendered":"<p>En el marco de la jornada nacional de protesta que ATE llevar\u00e1 a cabo en todo el pa\u00eds, el Consejo Directivo Provincial convoca a todos los estatales nacionales, provinciales y municipales a concentrar ma\u00f1ana en la sede de nuestro gremio Entre R\u00edos 450, a las 9 horas, para movilizarnos en repudio de la rebaja de [&hellip;]<\/p>\n","protected":false},"author":1,"featured_media":19220,"comment_status":"open","ping_status":"open","sticky":false,"template":"","format":"standard","meta":{"_exactmetrics_skip_tracking":false,"_exactmetrics_sitenote_active":false,"_exactmetrics_sitenote_note":"","_exactmetrics_sitenote_category":0,"jnews-multi-image_gallery":[],"jnews_single_post":[],"jnews_primary_category":[],"jnews_social_meta":[],"jnews_review":[],"enable_review":"","type":"","name":"","summary":"","brand":"","sku":"","good":[],"bad":[],"score_override":"","override_value":"","rating":[],"price":[],"jnews_override_counter":[],"jnews_post_split":[],"footnotes":""},"categories":[20,18,8],"tags":[],"class_list":["post-6265","post","type-post","status-publish","format-standard","has-post-thumbnail","hentry","category-municipales","category-nacionales","category-provinciales"],"jetpack_featured_media_url":"https:\/\/atecordoba.org\/wp-content\/uploads\/2020\/05\/logo-nuevochico-e1561581322808.png","_links":{"self":[{"href":"https:\/\/atecordoba.org\/index.php?rest_route=\/wp\/v2\/posts\/6265","targetHints":{"allow":["GET"]}}],"collection":[{"href":"https:\/\/atecordoba.org\/index.php?rest_route=\/wp\/v2\/posts"}],"about":[{"href":"https:\/\/atecordoba.org\/index.php?rest_route=\/wp\/v2\/types\/post"}],"author":[{"embeddable":true,"href":"https:\/\/atecordoba.org\/index.php?rest_route=\/wp\/v2\/users\/1"}],"replies":[{"embeddable":true,"href":"https:\/\/atecordoba.org\/index.php?rest_route=%2Fwp%2Fv2%2Fcomments&post=6265"}],"version-history":[{"count":0,"href":"https:\/\/atecordoba.org\/index.php?rest_route=\/wp\/v2\/posts\/6265\/revisions"}],"wp:featuredmedia":[{"embeddable":true,"href":"https:\/\/atecordoba.org\/index.php?rest_route=\/wp\/v2\/media\/19220"}],"wp:attachment":[{"href":"https:\/\/atecordoba.org\/index.php?rest_route=%2Fwp%2Fv2%2Fmedia&parent=6265"}],"wp:term":[{"taxonomy":"category","embeddable":true,"href":"https:\/\/atecordoba.org\/index.php?rest_route=%2Fwp%2Fv2%2Fcategories&post=6265"},{"taxonomy":"post_tag","embeddable":true,"href":"https:\/\/atecordoba.org\/index.php?rest_route=%2Fwp%2Fv2%2Ftags&post=6265"}],"curies":[{"name":"wp","href":"https:\/\/api.w.org\/{rel}","templated":true}]}}